{"id":9276,"date":"2024-04-15T11:59:37","date_gmt":"2024-04-15T11:59:37","guid":{"rendered":"https:\/\/ladepeche.mr\/?p=9276"},"modified":"2024-04-15T12:50:27","modified_gmt":"2024-04-15T12:50:27","slug":"rim-fmi-bm-la-delegation-mauritanienne-sur-plusieurs-fronts-lors-des-reunions-de-printemps-des-institutions-de-bretton-woods","status":"publish","type":"post","link":"https:\/\/ladepeche.mr\/?p=9276","title":{"rendered":"RIM-FMI-BM\u00a0: La d\u00e9l\u00e9gation mauritanienne sur plusieurs fronts lors des r\u00e9unions de printemps des institutions de Bretton Woods"},"content":{"rendered":"<p>Une d\u00e9l\u00e9gation gouvernementale s\u2019est envol\u00e9e, ce week-end, en direction de Washington pour prendre part, mardi, aux r\u00e9unions de printemps des institutions de Bretton Woods, pr\u00e9vue du 15 au 20 avril courant et qui coincident, cette fois, avec le 80 anniversaire de ces deux institutions dont l\u2019objectif \u00e9tait, \u00e0 l\u2019origine, la cr\u00e9ation d\u2019une organisation mon\u00e9taire mondiale et une reconstruction apr\u00e8s-guerre 39-45 de pays europ\u00e9ens et asiatiques.<\/p>\n<p>Lors des pr\u00e9sentes r\u00e9unions, la dette des PPTE et le financement du climat restent les questions cruciales apr\u00e8s le consensus obtenu, vendredi, pour la reconduction de Kristalina Georgieva -consid\u00e9r\u00e9e comme une amie de notre pays- pour un nouveau mandat de 5 ans \u00e0 la t\u00eate du FMI. Notre pays dispose avec le Fmi et la BM d\u2019un important programme de r\u00e9formes \u00e9conomiques et financi\u00e8res dont les deux institutions ont salu\u00e9 le respect et la pertinence. En 2024, la croissance \u00e9conomique devrait atteindre 4,3% contre 3,4% en 2023, et le taux d\u2019inflation a fortement ralenti pour atteindre 2,6 % en F\u00e9vrier 2024 contre 9 % en F\u00e9vrier 2023. \u00ab\u00a0Sur la base des donn\u00e9es pr\u00e9liminaires, la performance des programmes appuy\u00e9s par le FMI dans le cadre des accords au titre de la FEC et du MEDC est sur les rails et son ex\u00e9cution a \u00e9t\u00e9 satisfaisante\u00a0\u00bb conclut F. Fischer, qui pr\u00e9sidait, en mars 2024, la derni\u00e8re mission du Fmi en Mauritanie consacr\u00e9e aux revues de programmes conjoints (Fec, Medc et Frd).<\/p>\n<p>La Mauritanie se situait, d\u00e9j\u00e0 dans le classement HIPC 2022, dans le ventre mou des PPTE. Elle a donc fait d\u2019\u00e9normes progr\u00e8s et attend aussi de b\u00e9n\u00e9ficier d\u2019une plus grande g\u00e9n\u00e9rosit\u00e9 de ses cr\u00e9anciers. La gestion de la dette des pays tr\u00e8s endett\u00e9s sera discut\u00e9e, rappelle-t-on, lors de la Table ronde consacr\u00e9e \u00e0 la dette souveraine mondiale, pr\u00e9vue mercredi 17 avril 2024. Un consensus semble se d\u00e9gager pour trouver des solutions au fardeau de cette dette des PPTE dont le tiers proviendrait uniquement du service de la dette elle-m\u00eame.<\/p>\n<p>Par contre, la lutte contre le r\u00e9chauffement climatique o\u00f9 les besoins faramineux en financements ne pourraient pas \u00eatre mobilis\u00e9s m\u00eame avec l\u2019intervention de ces deux grands fonds pose encore de nombreuses interrogations face \u00e0 une nature d\u00e9chain\u00e9e. En 2023 lors de la conf\u00e9rence international de Duba\u00ef sur les changements climatiques (COP28), des promesses ont \u00e9t\u00e9 faites pour innover dans la recherche de financement d\u2019une transition \u00e9nerg\u00e9tique. Le d\u00e9fi est toujours \u00e9norme et malgr\u00e9 les espoirs suscit\u00e9s par la mise en place par les Emirats Arabes Unis, du fonds \u00ab\u00a0Alt\u00e9rra\u00a0\u00bb, devant mobiliser 250 milliards de dollars d&#8217;investissements priv\u00e9s dans des solutions climatiques \u00e0 l&#8217;\u00e9chelle mondiale, d\u2019ici 2030, les institutions de Bretton Woods chercheraient des solutions idoines, moins on\u00e9reuses pour elles.<\/p>\n<blockquote class=\"wp-embedded-content\" data-secret=\"cDjCPEsc2u\"><p><a href=\"https:\/\/ladepeche.mr\/?p=8244\">Economie: Dialogue au sommet entre la Mauritanie et le Fmi<\/a><\/p><\/blockquote>\n<p><iframe loading=\"lazy\" class=\"wp-embedded-content\" sandbox=\"allow-scripts\" security=\"restricted\" style=\"position: absolute; clip: rect(1px, 1px, 1px, 1px);\" title=\"\u00ab\u00a0Economie: Dialogue au sommet entre la Mauritanie et le Fmi\u00a0\u00bb &#8212; La D\u00e9p\u00eache  de Mauritanie et du Sahel\" src=\"https:\/\/ladepeche.mr\/?p=8244&#038;embed=true#?secret=SwmlgvDjbC#?secret=cDjCPEsc2u\" data-secret=\"cDjCPEsc2u\" width=\"500\" height=\"282\" frameborder=\"0\" marginwidth=\"0\" marginheight=\"0\" scrolling=\"no\"><\/iframe><\/p>\n<p>Notons enfin que la d\u00e9l\u00e9gation mauritanienne est attendue sur le front Continental, en raison de la pr\u00e9sidence de l\u2019UA, dont notre pays assume la charge. La d\u00e9l\u00e9gation mauritanienne devrait, dans ce sens, assurer la repr\u00e9sentation du Continent aux r\u00e9unions du G20 mais aussi coordonner les r\u00e9unions minist\u00e9rielles de l\u2019Ua avec les institutions de financement.<\/p>\n<p>De source officielle, l\u2019on indique que l\u2019agenda de la d\u00e9l\u00e9gation est \u00e9toff\u00e9 avec des rencontres tous azimuts avec de \u00ab\u00a0hauts responsables de ces institutions financi\u00e8res internationales, ainsi qu&#8217;avec un certain nombre de personnalit\u00e9s financi\u00e8res internationales qui assisteront aux r\u00e9unions pour discuter des questions d&#8217;int\u00e9r\u00eat mondial, telles que les perspectives \u00e9conomiques mondiales, l&#8217;\u00e9radication de la pauvret\u00e9, le d\u00e9veloppement \u00e9conomique, le changement climatique, la transition \u00e9nerg\u00e9tique et l&#8217;investissement dans le\u00a0capital\u00a0humain\u00a0\u00bb.<\/p>\n<p>JD<\/p>\n<p>Nous y reviendrons<\/p>\n","protected":false},"excerpt":{"rendered":"<p>Une d\u00e9l\u00e9gation gouvernementale s\u2019est envol\u00e9e, ce week-end, en direction de Washington pour prendre part, mardi, aux r\u00e9unions de printemps des institutions de Bretton Woods, pr\u00e9vue du 15 au 20 avril courant et qui coincident, cette fois, avec le 80 anniversaire de ces deux institutions dont l\u2019objectif \u00e9tait, \u00e0 l\u2019origine, la cr\u00e9ation d\u2019une organisation mon\u00e9taire mondiale &hellip;<\/p>\n","protected":false},"author":2,"featured_media":7639,"comment_status":"open","ping_status":"open","sticky":false,"template":"","format":"standard","meta":{"footnotes":""},"categories":[18,2],"tags":[],"class_list":["post-9276","post","type-post","status-publish","format-standard","has-post-thumbnail","hentry","category-actualites","category-economie"],"_links":{"self":[{"href":"https:\/\/ladepeche.mr\/index.php?rest_route=\/wp\/v2\/posts\/9276","targetHints":{"allow":["GET"]}}],"collection":[{"href":"https:\/\/ladepeche.mr\/index.php?rest_route=\/wp\/v2\/posts"}],"about":[{"href":"https:\/\/ladepeche.mr\/index.php?rest_route=\/wp\/v2\/types\/post"}],"author":[{"embeddable":true,"href":"https:\/\/ladepeche.mr\/index.php?rest_route=\/wp\/v2\/users\/2"}],"replies":[{"embeddable":true,"href":"https:\/\/ladepeche.mr\/index.php?rest_route=%2Fwp%2Fv2%2Fcomments&post=9276"}],"version-history":[{"count":2,"href":"https:\/\/ladepeche.mr\/index.php?rest_route=\/wp\/v2\/posts\/9276\/revisions"}],"predecessor-version":[{"id":9280,"href":"https:\/\/ladepeche.mr\/index.php?rest_route=\/wp\/v2\/posts\/9276\/revisions\/9280"}],"wp:featuredmedia":[{"embeddable":true,"href":"https:\/\/ladepeche.mr\/index.php?rest_route=\/wp\/v2\/media\/7639"}],"wp:attachment":[{"href":"https:\/\/ladepeche.mr\/index.php?rest_route=%2Fwp%2Fv2%2Fmedia&parent=9276"}],"wp:term":[{"taxonomy":"category","embeddable":true,"href":"https:\/\/ladepeche.mr\/index.php?rest_route=%2Fwp%2Fv2%2Fcategories&post=9276"},{"taxonomy":"post_tag","embeddable":true,"href":"https:\/\/ladepeche.mr\/index.php?rest_route=%2Fwp%2Fv2%2Ftags&post=9276"}],"curies":[{"name":"wp","href":"https:\/\/api.w.org\/{rel}","templated":true}]}}