{"id":9297,"date":"2024-04-16T17:11:33","date_gmt":"2024-04-16T17:11:33","guid":{"rendered":"https:\/\/ladepeche.mr\/?p=9297"},"modified":"2024-04-17T11:21:24","modified_gmt":"2024-04-17T11:21:24","slug":"mauritanie-senegal-faye-veut-il-rassurer-son-voisin-apres-le-changement-de-gouvernement-a-dakar","status":"publish","type":"post","link":"https:\/\/ladepeche.mr\/?p=9297","title":{"rendered":"Mauritanie-S\u00e9n\u00e9gal\u00a0: Bassirou Faye veut-il rassurer son voisin apr\u00e8s le changement de gouvernement\u00a0\u00e0 Dakar?"},"content":{"rendered":"<p>Le nouveau pr\u00e9sident s\u00e9n\u00e9galais, Bassirou Diomaye Faye, accorde sa premi\u00e8re visite officielle \u00e0 la Mauritanie, ce 17 avril 2024. M\u00eame si le pr\u00e9sident s\u00e9n\u00e9galais pourrait faire valoir de rendre la politesse \u00e0 son a\u00een\u00e9, le pr\u00e9sident Mohamed Ould Cheikh Ghazouani, premier parmi les premiers \u00e0 le f\u00e9liciter pour sa brillante \u00e9lection, le 24 mars 2024, le pr\u00e9sident Faye voudrait aussi rassurer son h\u00f4te sur l\u2019attachement du S\u00e9n\u00e9gal \u00e0 la poursuite des relations de coop\u00e9ration s\u00e9culaires entre les deux pays.<\/p>\n<blockquote class=\"wp-embedded-content\" data-secret=\"ehCIJp0op0\"><p><a href=\"https:\/\/ladepeche.mr\/?p=9024\">Le Pr\u00e9sident de la R\u00e9publique, Mohamed Ghazouani, f\u00e9licite le Pr\u00e9sident \u00e9lu du S\u00e9n\u00e9gal<\/a><\/p><\/blockquote>\n<p><iframe loading=\"lazy\" class=\"wp-embedded-content\" sandbox=\"allow-scripts\" security=\"restricted\" style=\"position: absolute; clip: rect(1px, 1px, 1px, 1px);\" title=\"\u00ab\u00a0Le Pr\u00e9sident de la R\u00e9publique, Mohamed Ghazouani, f\u00e9licite le Pr\u00e9sident \u00e9lu du S\u00e9n\u00e9gal\u00a0\u00bb &#8212; La D\u00e9p\u00eache  de Mauritanie et du Sahel\" src=\"https:\/\/ladepeche.mr\/?p=9024&#038;embed=true#?secret=c5eunzfhEg#?secret=ehCIJp0op0\" data-secret=\"ehCIJp0op0\" width=\"500\" height=\"282\" frameborder=\"0\" marginwidth=\"0\" marginheight=\"0\" scrolling=\"no\"><\/iframe><\/p>\n<p>C\u2019est connu, la Mauritanie et le S\u00e9n\u00e9gal sont plus que des pays limitrophes. Trop de relations imbriquent les deux pays et les deux Peuples. Malgr\u00e9 les \u00e9v\u00e9nements de 1989 qui avaient servi, \u00e0 l\u2019\u00e9poque aux deux gouvernements aux affaires, d\u2019expurger leurs probl\u00e8mes int\u00e9rieurs, en cr\u00e9ant de toutes pi\u00e8ces un conflit exacerb\u00e9 par les d\u00e9mons de la division, les relations bilat\u00e9rales sont revenues au beau fixe en avril 1992. Une reprise diplomatique qui a \u00e9t\u00e9 suivie par la r\u00e9ouverture des fronti\u00e8res.\u00a0 Une normalisation ouvrant de nouveaux horizons entre les deux pays. Depuis, les gouvernements tentent de d\u00e9passer les contingences des moments difficiles pour raffermir encore davantage leur coop\u00e9ration et leur solidarit\u00e9 mutuelle.<\/p>\n<p>C\u2019est aussi normal que le pr\u00e9sident B.D. Faye se souvienne d\u00e8s sa prise de pouvoir de rendre visite \u00e0 ses fr\u00e8res mauritaniens pour les rassurer sur le d\u00e9veloppement escompt\u00e9 des relations entre les deux pays et pour leur expliquer aussi les d\u00e9fis que son gouvernement souhaiterait relever pour le plus grand bien des populations s\u00e9n\u00e9galaises dont la plus grande colonie en Afrique a \u00e9lu domicile dans notre pays.<\/p>\n<blockquote class=\"wp-embedded-content\" data-secret=\"a98SWe0ZSe\"><p><a href=\"https:\/\/ladepeche.mr\/?p=9021\">PORTRAIT &#8211; S\u00e9n\u00e9gal : qui est Bassirou Diomaye Faye, le prochain pr\u00e9sident du pays ?<\/a><\/p><\/blockquote>\n<p><iframe loading=\"lazy\" class=\"wp-embedded-content\" sandbox=\"allow-scripts\" security=\"restricted\" style=\"position: absolute; clip: rect(1px, 1px, 1px, 1px);\" title=\"\u00ab\u00a0PORTRAIT &#8211; S\u00e9n\u00e9gal : qui est Bassirou Diomaye Faye, le prochain pr\u00e9sident du pays ?\u00a0\u00bb &#8212; La D\u00e9p\u00eache  de Mauritanie et du Sahel\" src=\"https:\/\/ladepeche.mr\/?p=9021&#038;embed=true#?secret=km05sQarPJ#?secret=a98SWe0ZSe\" data-secret=\"a98SWe0ZSe\" width=\"500\" height=\"282\" frameborder=\"0\" marginwidth=\"0\" marginheight=\"0\" scrolling=\"no\"><\/iframe><\/p>\n<p>P\u00eache, migration, Omvs, gaz et politique r\u00e9gionale, les sujets de coop\u00e9ration ne manquent certainement pas. Il s\u2019agit donc pour les deux gouvernements actuels de savoir se connaitre et de travailler de pair pour apporter des solutions concert\u00e9es \u00e0 des d\u00e9fis finalement communs. Il est en tout cas clair que le pr\u00e9sident mauritanien, Mohamed Ould Ghazouani n\u2019a pas laiss\u00e9 la place au hasard des interpr\u00e9tations en se rendant sous sa double casquette de pr\u00e9sident de la R\u00e9publique et pr\u00e9sident en exercice de l\u2019UA pour t\u00e9moigner de son amiti\u00e9 et de la satisfaction de tout le Continent de voir l\u2019alternance politique se faire normalement au S\u00e9n\u00e9gal. Une tournure qui rassure aussi sur l\u2019\u00e9tat de sant\u00e9 d\u00e9mocratique de nos fr\u00e8res s\u00e9n\u00e9galais.<br \/>\nC\u2019est ainsi d\u2019ailleurs que le pr\u00e9sident de la R\u00e9publique a compt\u00e9 parmi les h\u00f4tes de marque \u00e0 l\u2019investiture du pr\u00e9sident B.D Faye, le 2 avril 2024.<\/p>\n<p>Un \u00e9tat d\u2019esprit que les deux pr\u00e9sidents gagneraient \u00e0 perp\u00e9tuer pour une plus grande osmose entre les deux pays fr\u00e8res.<\/p>\n<p>JD<\/p>\n","protected":false},"excerpt":{"rendered":"<p>Le nouveau pr\u00e9sident s\u00e9n\u00e9galais, Bassirou Diomaye Faye, accorde sa premi\u00e8re visite officielle \u00e0 la Mauritanie, ce 17 avril 2024. M\u00eame si le pr\u00e9sident s\u00e9n\u00e9galais pourrait faire valoir de rendre la politesse \u00e0 son a\u00een\u00e9, le pr\u00e9sident Mohamed Ould Cheikh Ghazouani, premier parmi les premiers \u00e0 le f\u00e9liciter pour sa brillante \u00e9lection, le 24 mars 2024, &hellip;<\/p>\n","protected":false},"author":2,"featured_media":9147,"comment_status":"open","ping_status":"open","sticky":false,"template":"","format":"standard","meta":{"footnotes":""},"categories":[18],"tags":[],"class_list":["post-9297","post","type-post","status-publish","format-standard","has-post-thumbnail","hentry","category-actualites"],"_links":{"self":[{"href":"https:\/\/ladepeche.mr\/index.php?rest_route=\/wp\/v2\/posts\/9297","targetHints":{"allow":["GET"]}}],"collection":[{"href":"https:\/\/ladepeche.mr\/index.php?rest_route=\/wp\/v2\/posts"}],"about":[{"href":"https:\/\/ladepeche.mr\/index.php?rest_route=\/wp\/v2\/types\/post"}],"author":[{"embeddable":true,"href":"https:\/\/ladepeche.mr\/index.php?rest_route=\/wp\/v2\/users\/2"}],"replies":[{"embeddable":true,"href":"https:\/\/ladepeche.mr\/index.php?rest_route=%2Fwp%2Fv2%2Fcomments&post=9297"}],"version-history":[{"count":5,"href":"https:\/\/ladepeche.mr\/index.php?rest_route=\/wp\/v2\/posts\/9297\/revisions"}],"predecessor-version":[{"id":9311,"href":"https:\/\/ladepeche.mr\/index.php?rest_route=\/wp\/v2\/posts\/9297\/revisions\/9311"}],"wp:featuredmedia":[{"embeddable":true,"href":"https:\/\/ladepeche.mr\/index.php?rest_route=\/wp\/v2\/media\/9147"}],"wp:attachment":[{"href":"https:\/\/ladepeche.mr\/index.php?rest_route=%2Fwp%2Fv2%2Fmedia&parent=9297"}],"wp:term":[{"taxonomy":"category","embeddable":true,"href":"https:\/\/ladepeche.mr\/index.php?rest_route=%2Fwp%2Fv2%2Fcategories&post=9297"},{"taxonomy":"post_tag","embeddable":true,"href":"https:\/\/ladepeche.mr\/index.php?rest_route=%2Fwp%2Fv2%2Ftags&post=9297"}],"curies":[{"name":"wp","href":"https:\/\/api.w.org\/{rel}","templated":true}]}}