{"id":9306,"date":"2024-04-17T11:18:12","date_gmt":"2024-04-17T11:18:12","guid":{"rendered":"https:\/\/ladepeche.mr\/?p=9306"},"modified":"2024-04-17T11:19:02","modified_gmt":"2024-04-17T11:19:02","slug":"financements-la-delegation-officielle-a-washington-veut-convaincre-lida-de-delier-la-bourse","status":"publish","type":"post","link":"https:\/\/ladepeche.mr\/?p=9306","title":{"rendered":"Une d\u00e9l\u00e9gation mauritanienne discute de la r\u00e9vision des financements de l\u2019IDA \u00e0 la Mauritanie"},"content":{"rendered":"<div>La d\u00e9l\u00e9gation mauritanienne \u00e0 Washington discute de la r\u00e9vision des financements de l&#8217;Association internationale de D\u00e9veloppement\u00a0 pour notre pays<\/div>\n<div><\/div>\n<div>Son Excellence le ministre de l&#8217;\u00c9conomie et du D\u00e9veloppement durable, M. Abdessalam Ould Mohamed Saleh, et le gouverneur de la Banque centrale, M. Mohamed Lemine Ould Dhehbi, ont tenu, hier mardi, une s\u00e9ance de discussions avec M. Abdoul Salam Bello, l&#8217;administrateur du Groupe Afrique II au Conseil d&#8217;administration du Groupe de la Banque mondiale.<\/div>\n<div><\/div>\n<div>Au cours de la r\u00e9union, diff\u00e9rents dossiers de notre pays aupr\u00e8s de la Banque ont \u00e9t\u00e9 discut\u00e9s, notamment les moyens de les faire progresser, en particulier en ce qui concerne la r\u00e9vision de la part de notre pays dans les programmes de subventions, d&#8217;aides et de cr\u00e9dits offerts par l&#8217;International Development Association &#8211; l&#8217;une des filiales du groupe &#8211; pour renforcer le d\u00e9veloppement \u00e9conomique dans notre pays.<\/div>\n<div>Source MEcDD<\/div>\n","protected":false},"excerpt":{"rendered":"<p>La d\u00e9l\u00e9gation mauritanienne \u00e0 Washington discute de la r\u00e9vision des financements de l&#8217;Association internationale de D\u00e9veloppement\u00a0 pour notre pays Son Excellence le ministre de l&#8217;\u00c9conomie et du D\u00e9veloppement durable, M. Abdessalam Ould Mohamed Saleh, et le gouverneur de la Banque centrale, M. Mohamed Lemine Ould Dhehbi, ont tenu, hier mardi, une s\u00e9ance de discussions avec &hellip;<\/p>\n","protected":false},"author":2,"featured_media":9307,"comment_status":"open","ping_status":"open","sticky":false,"template":"","format":"standard","meta":{"footnotes":""},"categories":[18,2],"tags":[],"class_list":["post-9306","post","type-post","status-publish","format-standard","has-post-thumbnail","hentry","category-actualites","category-economie"],"_links":{"self":[{"href":"https:\/\/ladepeche.mr\/index.php?rest_route=\/wp\/v2\/posts\/9306","targetHints":{"allow":["GET"]}}],"collection":[{"href":"https:\/\/ladepeche.mr\/index.php?rest_route=\/wp\/v2\/posts"}],"about":[{"href":"https:\/\/ladepeche.mr\/index.php?rest_route=\/wp\/v2\/types\/post"}],"author":[{"embeddable":true,"href":"https:\/\/ladepeche.mr\/index.php?rest_route=\/wp\/v2\/users\/2"}],"replies":[{"embeddable":true,"href":"https:\/\/ladepeche.mr\/index.php?rest_route=%2Fwp%2Fv2%2Fcomments&post=9306"}],"version-history":[{"count":2,"href":"https:\/\/ladepeche.mr\/index.php?rest_route=\/wp\/v2\/posts\/9306\/revisions"}],"predecessor-version":[{"id":9309,"href":"https:\/\/ladepeche.mr\/index.php?rest_route=\/wp\/v2\/posts\/9306\/revisions\/9309"}],"wp:featuredmedia":[{"embeddable":true,"href":"https:\/\/ladepeche.mr\/index.php?rest_route=\/wp\/v2\/media\/9307"}],"wp:attachment":[{"href":"https:\/\/ladepeche.mr\/index.php?rest_route=%2Fwp%2Fv2%2Fmedia&parent=9306"}],"wp:term":[{"taxonomy":"category","embeddable":true,"href":"https:\/\/ladepeche.mr\/index.php?rest_route=%2Fwp%2Fv2%2Fcategories&post=9306"},{"taxonomy":"post_tag","embeddable":true,"href":"https:\/\/ladepeche.mr\/index.php?rest_route=%2Fwp%2Fv2%2Ftags&post=9306"}],"curies":[{"name":"wp","href":"https:\/\/api.w.org\/{rel}","templated":true}]}}