{"id":9315,"date":"2024-04-17T11:25:42","date_gmt":"2024-04-17T11:25:42","guid":{"rendered":"https:\/\/ladepeche.mr\/?p=9315"},"modified":"2024-04-17T11:25:42","modified_gmt":"2024-04-17T11:25:42","slug":"le-ministre-de-leconomie-rencontre-le-vice-president-de-la-banque-mondiale","status":"publish","type":"post","link":"https:\/\/ladepeche.mr\/?p=9315","title":{"rendered":"Le ministre de l&#8217;Economie rencontre le Vice-pr\u00e9sident de la Banque mondiale"},"content":{"rendered":"<div>Son Excellence le ministre de l&#8217;Economie et du D\u00e9veloppement Durable, M. Abdessalam Mohamed Saleh, a rencontr\u00e9, mardi, \u00e0 Washington, le vice-pr\u00e9sident de la Banque mondiale, M. Ousmane Diagana, en marge des R\u00e9unions de printemps 2024 organis\u00e9es par le Groupe de la Banque mondiale et le Fonds mon\u00e9taire international.<\/div>\n<div><\/div>\n<div>Les discussions ont port\u00e9 sur l&#8217;examen de l&#8217;\u00e9tat du portefeuille de projets financ\u00e9s par la Banque dans notre pays. Les deux parties ont constat\u00e9 une am\u00e9lioration notable du niveau d&#8217;ex\u00e9cution de ces projets, tout en soulignant la n\u00e9cessit\u00e9 de redoubler d&#8217;efforts pour acc\u00e9l\u00e9rer et am\u00e9liorer l&#8217;efficacit\u00e9 de cette ex\u00e9cution.<\/div>\n<div><\/div>\n<div>La r\u00e9union s&#8217;est d\u00e9roul\u00e9e en pr\u00e9sence de Mme Isabelle Santos, repr\u00e9sentante r\u00e9sidente de la Banque mondiale dans notre pays, et de M. Mohamed Salem Ould Nani, directeur g\u00e9n\u00e9ral des financements et de la coop\u00e9ration \u00e9conomique.<\/div>\n<div>MecDD<\/div>\n","protected":false},"excerpt":{"rendered":"<p>Son Excellence le ministre de l&#8217;Economie et du D\u00e9veloppement Durable, M. Abdessalam Mohamed Saleh, a rencontr\u00e9, mardi, \u00e0 Washington, le vice-pr\u00e9sident de la Banque mondiale, M. Ousmane Diagana, en marge des R\u00e9unions de printemps 2024 organis\u00e9es par le Groupe de la Banque mondiale et le Fonds mon\u00e9taire international. Les discussions ont port\u00e9 sur l&#8217;examen de &hellip;<\/p>\n","protected":false},"author":2,"featured_media":0,"comment_status":"open","ping_status":"open","sticky":false,"template":"","format":"standard","meta":{"footnotes":""},"categories":[18,2],"tags":[],"class_list":["post-9315","post","type-post","status-publish","format-standard","hentry","category-actualites","category-economie"],"_links":{"self":[{"href":"https:\/\/ladepeche.mr\/index.php?rest_route=\/wp\/v2\/posts\/9315","targetHints":{"allow":["GET"]}}],"collection":[{"href":"https:\/\/ladepeche.mr\/index.php?rest_route=\/wp\/v2\/posts"}],"about":[{"href":"https:\/\/ladepeche.mr\/index.php?rest_route=\/wp\/v2\/types\/post"}],"author":[{"embeddable":true,"href":"https:\/\/ladepeche.mr\/index.php?rest_route=\/wp\/v2\/users\/2"}],"replies":[{"embeddable":true,"href":"https:\/\/ladepeche.mr\/index.php?rest_route=%2Fwp%2Fv2%2Fcomments&post=9315"}],"version-history":[{"count":1,"href":"https:\/\/ladepeche.mr\/index.php?rest_route=\/wp\/v2\/posts\/9315\/revisions"}],"predecessor-version":[{"id":9316,"href":"https:\/\/ladepeche.mr\/index.php?rest_route=\/wp\/v2\/posts\/9315\/revisions\/9316"}],"wp:attachment":[{"href":"https:\/\/ladepeche.mr\/index.php?rest_route=%2Fwp%2Fv2%2Fmedia&parent=9315"}],"wp:term":[{"taxonomy":"category","embeddable":true,"href":"https:\/\/ladepeche.mr\/index.php?rest_route=%2Fwp%2Fv2%2Fcategories&post=9315"},{"taxonomy":"post_tag","embeddable":true,"href":"https:\/\/ladepeche.mr\/index.php?rest_route=%2Fwp%2Fv2%2Ftags&post=9315"}],"curies":[{"name":"wp","href":"https:\/\/api.w.org\/{rel}","templated":true}]}}