{"id":9319,"date":"2024-04-17T13:29:39","date_gmt":"2024-04-17T13:29:39","guid":{"rendered":"https:\/\/ladepeche.mr\/?p=9319"},"modified":"2024-04-17T13:36:11","modified_gmt":"2024-04-17T13:36:11","slug":"zouerate-lhoraire-du-debut-du-travail-avancee-a-7h-du-matin-a-cause-de-la-chaleur","status":"publish","type":"post","link":"https:\/\/ladepeche.mr\/?p=9319","title":{"rendered":"Zou\u00e9rate\u00a0: L\u2019horaire du d\u00e9but du travail avanc\u00e9 \u00e0 7h du matin \u00e0 cause de la chaleur"},"content":{"rendered":"<p>Les services r\u00e9gionaux du minist\u00e8re de l\u2019\u00e9ducation et de la r\u00e9forme du syst\u00e8me \u00e9ducatif ont annonc\u00e9 la mise en application, \u00e0 partir du 22 avril 2024, d\u2019un nouvel horaire applicable aux \u00e9tablissements de l\u2019enseignement primaire et secondaire publics et priv\u00e9s.<\/p>\n<p>Le nouvel horaire fixe les heures de travail entre 7h et 13h pour \u00e9pargner aux \u00e9coliers et coll\u00e9giens les vagues de chaleur et la forte canicule qui s\u2019abattent, en cette p\u00e9riode, sur toute la r\u00e9gion du Tiris Zemmour.<\/p>\n<p>Les pr\u00e9visions du thermom\u00e8tre oscillent, note-t-on, entre 34 et 36 degr\u00e9s toute cette semaine avec un soleil de plomb quand il est au z\u00e9nith.<\/p>\n","protected":false},"excerpt":{"rendered":"<p>Les services r\u00e9gionaux du minist\u00e8re de l\u2019\u00e9ducation et de la r\u00e9forme du syst\u00e8me \u00e9ducatif ont annonc\u00e9 la mise en application, \u00e0 partir du 22 avril 2024, d\u2019un nouvel horaire applicable aux \u00e9tablissements de l\u2019enseignement primaire et secondaire publics et priv\u00e9s. Le nouvel horaire fixe les heures de travail entre 7h et 13h pour \u00e9pargner aux &hellip;<\/p>\n","protected":false},"author":2,"featured_media":9320,"comment_status":"open","ping_status":"open","sticky":false,"template":"","format":"standard","meta":{"footnotes":""},"categories":[18,27],"tags":[],"class_list":["post-9319","post","type-post","status-publish","format-standard","has-post-thumbnail","hentry","category-actualites","category-sante"],"_links":{"self":[{"href":"https:\/\/ladepeche.mr\/index.php?rest_route=\/wp\/v2\/posts\/9319","targetHints":{"allow":["GET"]}}],"collection":[{"href":"https:\/\/ladepeche.mr\/index.php?rest_route=\/wp\/v2\/posts"}],"about":[{"href":"https:\/\/ladepeche.mr\/index.php?rest_route=\/wp\/v2\/types\/post"}],"author":[{"embeddable":true,"href":"https:\/\/ladepeche.mr\/index.php?rest_route=\/wp\/v2\/users\/2"}],"replies":[{"embeddable":true,"href":"https:\/\/ladepeche.mr\/index.php?rest_route=%2Fwp%2Fv2%2Fcomments&post=9319"}],"version-history":[{"count":2,"href":"https:\/\/ladepeche.mr\/index.php?rest_route=\/wp\/v2\/posts\/9319\/revisions"}],"predecessor-version":[{"id":9324,"href":"https:\/\/ladepeche.mr\/index.php?rest_route=\/wp\/v2\/posts\/9319\/revisions\/9324"}],"wp:featuredmedia":[{"embeddable":true,"href":"https:\/\/ladepeche.mr\/index.php?rest_route=\/wp\/v2\/media\/9320"}],"wp:attachment":[{"href":"https:\/\/ladepeche.mr\/index.php?rest_route=%2Fwp%2Fv2%2Fmedia&parent=9319"}],"wp:term":[{"taxonomy":"category","embeddable":true,"href":"https:\/\/ladepeche.mr\/index.php?rest_route=%2Fwp%2Fv2%2Fcategories&post=9319"},{"taxonomy":"post_tag","embeddable":true,"href":"https:\/\/ladepeche.mr\/index.php?rest_route=%2Fwp%2Fv2%2Ftags&post=9319"}],"curies":[{"name":"wp","href":"https:\/\/api.w.org\/{rel}","templated":true}]}}