{"id":9330,"date":"2024-04-18T14:18:58","date_gmt":"2024-04-18T14:18:58","guid":{"rendered":"https:\/\/ladepeche.mr\/?p=9330"},"modified":"2024-04-18T14:18:58","modified_gmt":"2024-04-18T14:18:58","slug":"bouleibabs-la-stabilite-de-la-patrie-doit-primer-meme-sur-nos-ambitions-les-plus-legitimes","status":"publish","type":"post","link":"https:\/\/ladepeche.mr\/?p=9330","title":{"rendered":"Bouleibabs : la stabilit\u00e9 de la patrie doit primer m\u00eame sur nos ambitions les plus l\u00e9gitimes"},"content":{"rendered":"<p>La patrie, c\u2019est le territoire o\u00f9 sont enterr\u00e9s nos anc\u00eatres, o\u00f9 ils ont \u00e9crit leur histoire \u00e0 travers les si\u00e8cles. Chaque g\u00e9n\u00e9ration a apport\u00e9 sa contribution \u00e0 ce legs multiethnique, multiculturel qui est aujourd\u2019hui entre nos mains.<\/p>\n<p>Ce peuple \u00e0 travers les \u00e2ges et jusqu\u2019aujourd\u2019hui a donn\u00e9 \u00e0 ce territoire un nom prestigieux et rassembleur et l\u2019a d\u00e9fendu au prix du sacrifice de ses fils dans toute leur diversit\u00e9. J\u2019ai toujours insist\u00e9 sur la fragilit\u00e9 de notre pays et condamn\u00e9 toutes les formes de violences : verbales \u00e9crites ou physiques.<\/p>\n<p>Allah Le Tout Puissant nous a aid\u00e9s \u00e0 sanctifier notre pays. Nous avons mis en place une strat\u00e9gie de d\u00e9fense nationale et de s\u00e9curit\u00e9 int\u00e9rieure jug\u00e9e par tous les experts dans le domaine comme exemplaire et performante.<\/p>\n<p>Nous avons des ressources nationales importantes et des ressources humaines form\u00e9es dans tous les domaines. Nous avons toutes les institutions d\u2019un pays d\u00e9mocratique qui cadrent l\u2019alternance au pouvoir du maire au Pr\u00e9sident. Une commission nationale ind\u00e9pendante o\u00f9 si\u00e8gent des repr\u00e9sentants de tous les acteurs politiques qui est charg\u00e9e de pr\u00e9parer toutes des \u00e9lections.<\/p>\n<p>Je ne suis pas un homme politique, je suis un retrait\u00e9 du service public.<\/p>\n<p>Je vote dans un bureau proche de ma maison car c\u2019est un devoir civique. Je suis l\u2019actualit\u00e9 nationale dans le pays. Je connais toutes les \u00e9tapes par lesquelles notre pays a pass\u00e9 depuis l\u2019ind\u00e9pendance \u00e0 nos jours. J\u2019ai beaucoup \u00e9crit sur la naissance de cette nation aux forceps uniquement pour \u00e9clairer les jeunes g\u00e9n\u00e9rations sur les sacrifices consentis par les uns et les autres.<\/p>\n<p>Depuis la loi cadre de 1956 au 28 Novembre 1960 et bien apr\u00e8s, les coups de boutoirs n\u2019ont pas manqu\u00e9 venant de l\u2019int\u00e9rieur et de l\u2019ext\u00e9rieur. Malgr\u00e9 les \u00e9cueils de la premi\u00e8re d\u00e9cennie, la Mauritanie est devenue un pays connu et respect\u00e9 \u00e0 travers le monde et occupe une grande place sur la sc\u00e8ne internationale.<\/p>\n<p>Nos fils, ces derni\u00e8res ann\u00e9es, ont pay\u00e9 de leur vie pour nous donner cette stabilit\u00e9. Gloire et longue vie \u00e0 ceux qui continuent leur \u0153uvre pour que nous puissions dormir en paix, voyager en paix, faire nos \u00e9changes commerciaux en paix et faire nos \u00e9lections en paix. Ces sacrifices dont j\u2019ai parl\u00e9 sont la continuation de ceux consentis par les g\u00e9n\u00e9rations qui nous ont pr\u00e9c\u00e9d\u00e9es. Rahme We El ghouvrane a tous nos Chouhada.<\/p>\n<p><strong>FAISONS QUE LEURS SACRIFICES POUR NOTRE PATRIE NE SOIENT PAS VAINS<\/strong><\/p>\n<p>Nous sommes \u00e0 la veuille d\u2019une \u00e9lection. La mandature actuelle a \u00e9t\u00e9 marqu\u00e9e par la recherche de la paix des c\u0153urs, le dialogue permanent, les \u00e9changes nombreux entre le Pr\u00e9sident et tous les chefs de partis, la soci\u00e9t\u00e9 civile et toutes les personnalit\u00e9s ind\u00e9pendantes.<\/p>\n<p>La d\u00e9mocratie doit \u00eatre une \u00e9cole de civisme o\u00f9 tous les acteurs politiques sont les veilleurs et \u00e9veilleurs qui enseignent aux citoyens la tol\u00e9rance, le dialogue ; le patriotisme et leurs devoirs et leurs droits. Ce n\u2019est pas la premi\u00e8re fois que le pays organise des \u00e9lections. Les pr\u00e9c\u00e9dentes se sont toutes pass\u00e9es dans de bonnes conditions. Majorit\u00e9 et opposition doivent veiller \u00e0 consolider la stabilit\u00e9 de ce pays qui appartient \u00e0 tous et \u00e9viter tous les discours qui sont incompatibles avec l\u2019exercice de la vraie d\u00e9mocratie. Gandhi disait la violence n\u2019a jamais engendr\u00e9 autre chose que la violence.<\/p>\n<p>Les acteurs politiques se doivent tenir compte de ce qui se passe sur la sc\u00e8ne nationale et internationale. Depuis les ann\u00e9es 90 \u00e0 aujourd\u2019hui, les foyers de tension se sont multipli\u00e9s dans le monde et dont certains proches de nos fronti\u00e8res.<\/p>\n<p>Les images de violence aveugle nous viennent des quatre coins du monde. Leurs auteurs ou leurs mandataires les l\u00e9gitiment par leur volont\u00e9 d\u2019instaurer la libert\u00e9 et la d\u00e9mocratie en faisant fi de la volont\u00e9 des peuples, de leurs diversit\u00e9s, de leurs histoires, de leurs cultures et de leurs croyances. Je vois les bombes qui d\u00e9truisent toutes les infrastructures des pays fruit du travail de plusieurs g\u00e9n\u00e9rations. Les dommages collat\u00e9raux qui mettent fin \u00e0 tant de vies humaines ou les transforment en handicaps permanents.<\/p>\n<p>L\u2019exode de millions de personnes hier autonomes et qui deviennent des zombies avec un num\u00e9ro dans les camps du HCR et autres organisations. Les meilleurs cerveaux oblig\u00e9s de quitter leur pays et de s\u2019expatrier si on les accepte comme apatrides anonymes travaillant \u00e0 l\u2019expansion d\u2019autres nations. Les terres fertiles en friche que personne ne peut plus exploiter \u00e0 cause des bombes et l\u2019ins\u00e9curit\u00e9.<\/p>\n<p>Les infrastructures et les institutions de tel ou tel \u00e9tat ras\u00e9es et les documents de la m\u00e9moire nationale collective perdus pour toujours. Je vois aussi les meurtres de sang-froid des enfants et femmes. Je me refuse d\u00e9sormais de voir toutes ses images qui fendent le c\u0153ur.<\/p>\n<p>Je ne pense pas que tout cela vient d\u2019une qu\u00eate consciente de la libert\u00e9 et la d\u00e9mocratie. Si ces peuples ont une qu\u00eate r\u00e9elle urgente et prioritaire, ce serait celle : d\u2019\u00eatre en s\u00e9curit\u00e9, d\u2019avoir un toit, d\u2019\u00eatre soign\u00e9s, que leurs enfants soient scolaris\u00e9s, qu\u2019ils aient un espoir de trouver un emploi.<\/p>\n<p>Ses \u00e9v\u00e9nements sont souvent l\u2019\u0153uvre d\u2018une \u00e9lite versatile, inconsciente qui cherche uniquement les avantages mat\u00e9riels et des maquerons d\u2019un pouvoir quel qu\u2019il soit. Parfois aussi elles sont le fait d\u2019organisations criminelles qui profitent de la faiblesse des institutions de certains \u00e9tats o\u00f9 les dirigeants se battent entre eux pour le pouvoir.<\/p>\n<p>Notre devoir premier envers notre peuple est de lui pr\u00e9server sa stabilit\u00e9 et son unit\u00e9 ch\u00e8rement acquises. la violence verbale, \u00e9crite ou physique n\u2019a jamais fait gagner un candidat. Ce peuple multiethnique, multiculturel a v\u00e9cu des si\u00e8cles sur cette terre moul\u00e9e dans le rite mal\u00e9kite-sunnite, voie du juste milieu par excellence en Islam qui r\u00e9prouve la violence et la haine dans tous les domaines de la vie.<\/p>\n<p>Oui, les aspirations des acteurs politiques \u00e0 briguer tous les postes sont l\u00e9gitimes. Chaque postulant \u00e0 la charge de Pr\u00e9sident doit se parer des grandes vertus qui fondent la vraie d\u00e9mocratie : la sagesse, la modestie, le bon sens, le patriotisme et le respect des codes moraux sur lesquels nous avons b\u00e2ti cet \u00e9tat.<\/p>\n<p>Qu\u2019ALLAH Le Tout Puissant pr\u00e9serve notre pays et guide nos pas vers la sagesse.<\/p>\n<p>Avril 2024.<\/p>\n<p>Brahim Salem ould Elmoctar ould Sambe dit Ould Bouleiba<\/p>\n","protected":false},"excerpt":{"rendered":"<p>La patrie, c\u2019est le territoire o\u00f9 sont enterr\u00e9s nos anc\u00eatres, o\u00f9 ils ont \u00e9crit leur histoire \u00e0 travers les si\u00e8cles. Chaque g\u00e9n\u00e9ration a apport\u00e9 sa contribution \u00e0 ce legs multiethnique, multiculturel qui est aujourd\u2019hui entre nos mains. Ce peuple \u00e0 travers les \u00e2ges et jusqu\u2019aujourd\u2019hui a donn\u00e9 \u00e0 ce territoire un nom prestigieux et rassembleur &hellip;<\/p>\n","protected":false},"author":2,"featured_media":9331,"comment_status":"open","ping_status":"open","sticky":false,"template":"","format":"standard","meta":{"footnotes":""},"categories":[18,19],"tags":[],"class_list":["post-9330","post","type-post","status-publish","format-standard","has-post-thumbnail","hentry","category-actualites","category-tribune"],"_links":{"self":[{"href":"https:\/\/ladepeche.mr\/index.php?rest_route=\/wp\/v2\/posts\/9330","targetHints":{"allow":["GET"]}}],"collection":[{"href":"https:\/\/ladepeche.mr\/index.php?rest_route=\/wp\/v2\/posts"}],"about":[{"href":"https:\/\/ladepeche.mr\/index.php?rest_route=\/wp\/v2\/types\/post"}],"author":[{"embeddable":true,"href":"https:\/\/ladepeche.mr\/index.php?rest_route=\/wp\/v2\/users\/2"}],"replies":[{"embeddable":true,"href":"https:\/\/ladepeche.mr\/index.php?rest_route=%2Fwp%2Fv2%2Fcomments&post=9330"}],"version-history":[{"count":1,"href":"https:\/\/ladepeche.mr\/index.php?rest_route=\/wp\/v2\/posts\/9330\/revisions"}],"predecessor-version":[{"id":9332,"href":"https:\/\/ladepeche.mr\/index.php?rest_route=\/wp\/v2\/posts\/9330\/revisions\/9332"}],"wp:featuredmedia":[{"embeddable":true,"href":"https:\/\/ladepeche.mr\/index.php?rest_route=\/wp\/v2\/media\/9331"}],"wp:attachment":[{"href":"https:\/\/ladepeche.mr\/index.php?rest_route=%2Fwp%2Fv2%2Fmedia&parent=9330"}],"wp:term":[{"taxonomy":"category","embeddable":true,"href":"https:\/\/ladepeche.mr\/index.php?rest_route=%2Fwp%2Fv2%2Fcategories&post=9330"},{"taxonomy":"post_tag","embeddable":true,"href":"https:\/\/ladepeche.mr\/index.php?rest_route=%2Fwp%2Fv2%2Ftags&post=9330"}],"curies":[{"name":"wp","href":"https:\/\/api.w.org\/{rel}","templated":true}]}}