{"id":9334,"date":"2024-04-18T14:36:59","date_gmt":"2024-04-18T14:36:59","guid":{"rendered":"https:\/\/ladepeche.mr\/?p=9334"},"modified":"2024-04-18T14:34:28","modified_gmt":"2024-04-18T14:34:28","slug":"saint-christophe-et-nieves-reitere-sa-position-constante-en-faveur-de-la-souverainete-du-maroc-sur-son-sahara-et-de-son-integrite-territoriale","status":"publish","type":"post","link":"https:\/\/ladepeche.mr\/?p=9334","title":{"rendered":"Saint-Christophe-et-Ni\u00e9v\u00e8s r\u00e9it\u00e8re sa position constante en faveur de la souverainet\u00e9 du Maroc sur son Sahara et de son int\u00e9grit\u00e9 territoriale"},"content":{"rendered":"<p>Rabat &#8211; Le ministre des Affaires \u00e9trang\u00e8res, du Commerce international, de l&#8217;Industrie, du Commerce et de la Consommation, du D\u00e9veloppement \u00e9conomique et de l&#8217;Investissement de Saint-Christophe-et-Ni\u00e9v\u00e8s, Denzil Llewellyn Douglas, a r\u00e9it\u00e9r\u00e9 mercredi \u00e0 Rabat la position constante de son pays &#8220;en faveur de la souverainet\u00e9 du Maroc sur le territoire du Sahara et de l&#8217;int\u00e9grit\u00e9 territoriale du Royaume&#8221;.<\/p>\n<p>Dans une d\u00e9claration \u00e0 la presse \u00e0 l&#8217;issue de ses entretiens avec le ministre des Affaires \u00e9trang\u00e8res, de la Coop\u00e9ration africaine et des Marocains r\u00e9sidant \u00e0 l&#8217;\u00e9tranger, Nasser Bourita, M. Douglas a \u00e9galement r\u00e9affirm\u00e9 le soutien de son pays au processus politique dirig\u00e9 par l&#8217;ONU visant \u00e0 trouver une solution juste et durable \u00e0 ce diff\u00e9rend r\u00e9gional, tout en soulignant la pertinence de l&#8217;initiative marocaine d&#8217;autonomie comme &#8220;seule solution cr\u00e9dible, s\u00e9rieuse et r\u00e9aliste&#8221;.<\/p>\n<p>Cette initiative marocaine est en conformit\u00e9 totale avec le Droit international, la Charte des Nations Unies, les r\u00e9solutions de l&#8217;Assembl\u00e9e g\u00e9n\u00e9rale et du Conseil de s\u00e9curit\u00e9 de l\u2019ONU, indique-t-on dans un communiqu\u00e9 conjoint publi\u00e9 \u00e0 l&#8217;issue des entretiens entre les deux ministres.<\/p>\n<p>Selon le communiqu\u00e9, la F\u00e9d\u00e9ration de Saint-Christophe-et-Ni\u00e9v\u00e8s a annonc\u00e9 sa reconnaissance de la souverainet\u00e9 du Maroc sur ses provinces du Sud et son soutien \u00e0 l\u2019initiative du plan d&#8217;autonomie comme &#8220;seule base s\u00e9rieuse, cr\u00e9dible et r\u00e9aliste&#8221; pour r\u00e9soudre le conflit artificiel autour du Sahara marocain.<\/p>\n<p>Elle a \u00e9galement salu\u00e9 le d\u00e9veloppement socio-\u00e9conomique que conna\u00eet le Sahara marocain \u00e0 la faveur des efforts et des investissements engag\u00e9s par le Royaume du Maroc, dans le cadre du Nouveau Mod\u00e8le de D\u00e9veloppement des provinces du Sud.<\/p>\n<p>Ce nouveau mod\u00e8le a consid\u00e9rablement favoris\u00e9 l\u2019autonomisation des populations de ces provinces et am\u00e9lior\u00e9 les indices de d\u00e9veloppement humain dans cette r\u00e9gion, pr\u00e9cise le communiqu\u00e9 conjoint.<\/p>\n<p>De plus, la F\u00e9d\u00e9ration de Saint-Christophe-et-Ni\u00e9v\u00e8s, en tant que membre de l&#8217;Organisation des \u00c9tats de la Cara\u00efbe Orientale, a salu\u00e9 l&#8217;ouverture d&#8217;une ambassade de l&#8217;Organisation \u00e0 Rabat le 19 octobre 2018 et d&#8217;un consulat g\u00e9n\u00e9ral \u00e0 Dakhla le 31 mars 2022, ajoute-t-on.<\/p>\n<p>MAP<\/p>\n","protected":false},"excerpt":{"rendered":"<p>Rabat &#8211; Le ministre des Affaires \u00e9trang\u00e8res, du Commerce international, de l&#8217;Industrie, du Commerce et de la Consommation, du D\u00e9veloppement \u00e9conomique et de l&#8217;Investissement de Saint-Christophe-et-Ni\u00e9v\u00e8s, Denzil Llewellyn Douglas, a r\u00e9it\u00e9r\u00e9 mercredi \u00e0 Rabat la position constante de son pays &#8220;en faveur de la souverainet\u00e9 du Maroc sur le territoire du Sahara et de l&#8217;int\u00e9grit\u00e9 &hellip;<\/p>\n","protected":false},"author":2,"featured_media":0,"comment_status":"open","ping_status":"open","sticky":false,"template":"","format":"standard","meta":{"footnotes":""},"categories":[18,29],"tags":[],"class_list":["post-9334","post","type-post","status-publish","format-standard","hentry","category-actualites","category-monde"],"_links":{"self":[{"href":"https:\/\/ladepeche.mr\/index.php?rest_route=\/wp\/v2\/posts\/9334","targetHints":{"allow":["GET"]}}],"collection":[{"href":"https:\/\/ladepeche.mr\/index.php?rest_route=\/wp\/v2\/posts"}],"about":[{"href":"https:\/\/ladepeche.mr\/index.php?rest_route=\/wp\/v2\/types\/post"}],"author":[{"embeddable":true,"href":"https:\/\/ladepeche.mr\/index.php?rest_route=\/wp\/v2\/users\/2"}],"replies":[{"embeddable":true,"href":"https:\/\/ladepeche.mr\/index.php?rest_route=%2Fwp%2Fv2%2Fcomments&post=9334"}],"version-history":[{"count":1,"href":"https:\/\/ladepeche.mr\/index.php?rest_route=\/wp\/v2\/posts\/9334\/revisions"}],"predecessor-version":[{"id":9335,"href":"https:\/\/ladepeche.mr\/index.php?rest_route=\/wp\/v2\/posts\/9334\/revisions\/9335"}],"wp:attachment":[{"href":"https:\/\/ladepeche.mr\/index.php?rest_route=%2Fwp%2Fv2%2Fmedia&parent=9334"}],"wp:term":[{"taxonomy":"category","embeddable":true,"href":"https:\/\/ladepeche.mr\/index.php?rest_route=%2Fwp%2Fv2%2Fcategories&post=9334"},{"taxonomy":"post_tag","embeddable":true,"href":"https:\/\/ladepeche.mr\/index.php?rest_route=%2Fwp%2Fv2%2Ftags&post=9334"}],"curies":[{"name":"wp","href":"https:\/\/api.w.org\/{rel}","templated":true}]}}