{"id":9336,"date":"2024-04-18T14:27:14","date_gmt":"2024-04-18T14:27:14","guid":{"rendered":"https:\/\/ladepeche.mr\/?p=9336"},"modified":"2024-04-18T14:27:14","modified_gmt":"2024-04-18T14:27:14","slug":"le-president-de-la-republique-du-senegal-a-nouakchott-pour-une-visite-damitie-et-de-travail-en-mauritanie","status":"publish","type":"post","link":"https:\/\/ladepeche.mr\/?p=9336","title":{"rendered":"Le Pr\u00e9sident de la R\u00e9publique du S\u00e9n\u00e9gal \u00e0 Nouakchott pour une visite d\u2019amiti\u00e9 et de travail en Mauritanie"},"content":{"rendered":"<p>Son Excellence le Pr\u00e9sident de la R\u00e9publique du S\u00e9n\u00e9gal, Monsieur Bassirou Diomaye Faye, est arriv\u00e9 jeudi matin \u00e0 Nouakchott pour entamer une visite d\u2019amiti\u00e9 et de travail en R\u00e9publique Islamique de Mauritanie, sa premi\u00e8re visite \u00e0 l\u2019\u00e9tranger depuis sa prise de fonction au d\u00e9but du mois.<\/p>\n<p>Son Excellence le Pr\u00e9sident de la R\u00e9publique, Monsieur Mohamed Ould Cheikh El Ghazzouani, Pr\u00e9sident en exercice de l\u2019Union Africaine, a accueilli l\u2019h\u00f4te s\u00e9n\u00e9galais \u00e0 l\u2019a\u00e9roport international de Nouakchott, entour\u00e9 du Premier Ministre Mohamed Ould Bilal Messoud, du ministre charg\u00e9 de la Pr\u00e9sidence de la R\u00e9publique, des Chefs d\u2019\u00c9tat-major des Forces Arm\u00e9es et de S\u00e9curit\u00e9, du Chef d\u2019\u00c9tat-major particulier du Pr\u00e9sident de la R\u00e9publique, du wali de Nouakchott-Ouest, de la vice-pr\u00e9sidente de la R\u00e9gion de Nouakchott et des ambassadeurs des deux pays fr\u00e8res.<\/p>\n<p>Apr\u00e8s avoir \u00e9cout\u00e9 les hymnes nationaux mauritanien et s\u00e9n\u00e9galais et pass\u00e9 en revue les unit\u00e9s venues rendre les d\u2019honneur, le Pr\u00e9sident s\u00e9n\u00e9galais a salu\u00e9 le pr\u00e9sident de l\u2019Assembl\u00e9e Nationale, le pr\u00e9sident du Conseil constitutionnel, le ministre secr\u00e9taire g\u00e9n\u00e9ral de la Pr\u00e9sidence de la R\u00e9publique, le ministre conseiller de la Pr\u00e9sidence de la R\u00e9publique, des membres du Gouvernement, de hauts dignitaires de l\u2019\u00c9tat, des membres du corps diplomatique africain accr\u00e9dit\u00e9 en Mauritanie et des repr\u00e9sentants de la communaut\u00e9 s\u00e9n\u00e9galaise vivant en Mauritanie.<\/p>\n<p>Pour sa part, le Pr\u00e9sident mauritanien a salu\u00e9 la d\u00e9l\u00e9gation accompagnant le Pr\u00e9sident s\u00e9n\u00e9galais, qui comprend plusieurs personnalit\u00e9s de haut rang, dont MM:<\/p>\n<p>\u2013 Madame Yacine FALL, ministre de l\u2019Int\u00e9gration africaine et des Affaires \u00e9trang\u00e8res;<\/p>\n<p>\u2013 Monsieur Malick NDIAYE, ministre des Infrastructures et des Transports terrestres et a\u00e9riens;<\/p>\n<p>\u2013 Madame Fatou DIOUF, ministre des P\u00eaches, des Infrastructures maritimes et portuaires;<\/p>\n<p>\u2013 Sonar Ngom, ministre, conseiller diplomatique du pr\u00e9sident de la R\u00e9publique;<br \/>\n\u2013 M. Birame Mbagnick DIAGNE, ambassadeur du S\u00e9n\u00e9gal en Mauritanie;<br \/>\n\u2013 M. Mamadou NDIAYE, ambassadeur, chef du Protocole.<\/p>\n<p>Ami<\/p>\n","protected":false},"excerpt":{"rendered":"<p>Son Excellence le Pr\u00e9sident de la R\u00e9publique du S\u00e9n\u00e9gal, Monsieur Bassirou Diomaye Faye, est arriv\u00e9 jeudi matin \u00e0 Nouakchott pour entamer une visite d\u2019amiti\u00e9 et de travail en R\u00e9publique Islamique de Mauritanie, sa premi\u00e8re visite \u00e0 l\u2019\u00e9tranger depuis sa prise de fonction au d\u00e9but du mois. Son Excellence le Pr\u00e9sident de la R\u00e9publique, Monsieur Mohamed &hellip;<\/p>\n","protected":false},"author":2,"featured_media":9337,"comment_status":"open","ping_status":"open","sticky":false,"template":"","format":"standard","meta":{"footnotes":""},"categories":[18],"tags":[],"class_list":["post-9336","post","type-post","status-publish","format-standard","has-post-thumbnail","hentry","category-actualites"],"_links":{"self":[{"href":"https:\/\/ladepeche.mr\/index.php?rest_route=\/wp\/v2\/posts\/9336","targetHints":{"allow":["GET"]}}],"collection":[{"href":"https:\/\/ladepeche.mr\/index.php?rest_route=\/wp\/v2\/posts"}],"about":[{"href":"https:\/\/ladepeche.mr\/index.php?rest_route=\/wp\/v2\/types\/post"}],"author":[{"embeddable":true,"href":"https:\/\/ladepeche.mr\/index.php?rest_route=\/wp\/v2\/users\/2"}],"replies":[{"embeddable":true,"href":"https:\/\/ladepeche.mr\/index.php?rest_route=%2Fwp%2Fv2%2Fcomments&post=9336"}],"version-history":[{"count":1,"href":"https:\/\/ladepeche.mr\/index.php?rest_route=\/wp\/v2\/posts\/9336\/revisions"}],"predecessor-version":[{"id":9338,"href":"https:\/\/ladepeche.mr\/index.php?rest_route=\/wp\/v2\/posts\/9336\/revisions\/9338"}],"wp:featuredmedia":[{"embeddable":true,"href":"https:\/\/ladepeche.mr\/index.php?rest_route=\/wp\/v2\/media\/9337"}],"wp:attachment":[{"href":"https:\/\/ladepeche.mr\/index.php?rest_route=%2Fwp%2Fv2%2Fmedia&parent=9336"}],"wp:term":[{"taxonomy":"category","embeddable":true,"href":"https:\/\/ladepeche.mr\/index.php?rest_route=%2Fwp%2Fv2%2Fcategories&post=9336"},{"taxonomy":"post_tag","embeddable":true,"href":"https:\/\/ladepeche.mr\/index.php?rest_route=%2Fwp%2Fv2%2Ftags&post=9336"}],"curies":[{"name":"wp","href":"https:\/\/api.w.org\/{rel}","templated":true}]}}