{"id":9340,"date":"2024-04-18T17:08:04","date_gmt":"2024-04-18T17:08:04","guid":{"rendered":"https:\/\/ladepeche.mr\/?p=9340"},"modified":"2024-04-18T17:08:04","modified_gmt":"2024-04-18T17:08:04","slug":"cloture-des-consultations-sur-lenseignement-superieur-et-la-recherche-scientifique","status":"publish","type":"post","link":"https:\/\/ladepeche.mr\/?p=9340","title":{"rendered":"Cl\u00f4ture des consultations sur l\u2019Enseignement sup\u00e9rieur et la Recherche scientifique"},"content":{"rendered":"<p>Les premi\u00e8res journ\u00e9es de consultations sur l\u2019Enseignement Sup\u00e9rieur et la Recherche Scientifique en Mauritanie, ont \u00e9t\u00e9 cl\u00f4tur\u00e9es mercredi soir, \u00e0 l\u2019ancien Palais du Congr\u00e8s. Organis\u00e9e par le minist\u00e8re de l\u2019Enseignement Sup\u00e9rieur et de la Recherche Scientifique en collaboration avec l\u2019Agence Universitaires Francophonie (AUF), la rencontre constitue une \u00e9tape importante dans le processus d\u2019\u00e9laboration des strat\u00e9gies nationales visant \u00e0 promouvoir l\u2019enseignement sup\u00e9rieur et la recherche scientifique en Mauritanie \u00e0 l\u2019horizon 2030.<\/p>\n<p>La rencontre de deux jours \u00e0 permis aux participants d\u2019aborder la bonne gouvernance en mati\u00e8re d\u2019enseignement sup\u00e9rieur,le syst\u00e8me LMD, les offres de formation, d\u2019employabilit\u00e9, et d\u2019insertion professionnelle des dipl\u00f4m\u00e9s.<\/p>\n<p>A l\u2019occasion de la cl\u00f4ture, le secr\u00e9taire g\u00e9n\u00e9ral du minist\u00e8re de l\u2019Enseignement sup\u00e9rieur et de la Recherche scientifique, M. Mokhtar Ould Handa, a appr\u00e9ci\u00e9 les r\u00e9sultats atteints par les participants visant \u00e0 d\u00e9gager les voies les plus efficaces pour r\u00e9former l\u2019enseignement sup\u00e9rieur et promouvoir la recherche scientifique.<\/p>\n<p>Il a indiqu\u00e9 que, le dispositif de l\u2019enseignement sup\u00e9rieur mauritanien entame une nouvelle \u00e9tape soutenue pour atteindre les objectifs mais \u00e9galement travaille \u00e0 l\u2019ancrage de l\u2019exigence qualit\u00e9 avec la mise en place de normes nouvelles coupl\u00e9es \u00e0 un r\u00e9am\u00e9nagement du paysage de l\u2019offre de formation, dans sa forme et ses contenus.<\/p>\n<p>De son c\u00f4t\u00e9, le pr\u00e9sident de l\u2019Agence universitaire de la Francophonie,M.Salim khalbous, a salu\u00e9 l\u2019attention port\u00e9e par le d\u00e9partement de l\u2019Enseignement sup\u00e9rieur et de la Recherche scientifique en Mauritanie \u00e0 l\u2019int\u00e9gration de la sp\u00e9cialisation en langue francophone comme langue premi\u00e8re. L \u2018adoption de la langue fran\u00e7aise comme sp\u00e9cialisation dans les universit\u00e9s mauritaniennes est consid\u00e9r\u00e9e comme un mod\u00e8le vivant et un facteur essentiel dans le d\u00e9veloppement des connaissances scientifiques \u00e0 l\u2019int\u00e9rieur et \u00e0 l\u2019ext\u00e9rieur du pays, \u00e0 conclu M. Salim.<\/p>\n<p>La c\u00e9r\u00e9monie de cl\u00f4ture s\u2019est d\u00e9roul\u00e9e en pr\u00e9sence du pr\u00e9sident de l\u2019Universit\u00e9 de Nouakchott et plusieurs personnalit\u00e9 universitaires, chercheurs et scientifiques.<\/p>\n<p>Ami<\/p>\n","protected":false},"excerpt":{"rendered":"<p>Les premi\u00e8res journ\u00e9es de consultations sur l\u2019Enseignement Sup\u00e9rieur et la Recherche Scientifique en Mauritanie, ont \u00e9t\u00e9 cl\u00f4tur\u00e9es mercredi soir, \u00e0 l\u2019ancien Palais du Congr\u00e8s. Organis\u00e9e par le minist\u00e8re de l\u2019Enseignement Sup\u00e9rieur et de la Recherche Scientifique en collaboration avec l\u2019Agence Universitaires Francophonie (AUF), la rencontre constitue une \u00e9tape importante dans le processus d\u2019\u00e9laboration des strat\u00e9gies &hellip;<\/p>\n","protected":false},"author":2,"featured_media":9341,"comment_status":"open","ping_status":"open","sticky":false,"template":"","format":"standard","meta":{"footnotes":""},"categories":[18,15],"tags":[],"class_list":["post-9340","post","type-post","status-publish","format-standard","has-post-thumbnail","hentry","category-actualites","category-culture"],"_links":{"self":[{"href":"https:\/\/ladepeche.mr\/index.php?rest_route=\/wp\/v2\/posts\/9340","targetHints":{"allow":["GET"]}}],"collection":[{"href":"https:\/\/ladepeche.mr\/index.php?rest_route=\/wp\/v2\/posts"}],"about":[{"href":"https:\/\/ladepeche.mr\/index.php?rest_route=\/wp\/v2\/types\/post"}],"author":[{"embeddable":true,"href":"https:\/\/ladepeche.mr\/index.php?rest_route=\/wp\/v2\/users\/2"}],"replies":[{"embeddable":true,"href":"https:\/\/ladepeche.mr\/index.php?rest_route=%2Fwp%2Fv2%2Fcomments&post=9340"}],"version-history":[{"count":1,"href":"https:\/\/ladepeche.mr\/index.php?rest_route=\/wp\/v2\/posts\/9340\/revisions"}],"predecessor-version":[{"id":9342,"href":"https:\/\/ladepeche.mr\/index.php?rest_route=\/wp\/v2\/posts\/9340\/revisions\/9342"}],"wp:featuredmedia":[{"embeddable":true,"href":"https:\/\/ladepeche.mr\/index.php?rest_route=\/wp\/v2\/media\/9341"}],"wp:attachment":[{"href":"https:\/\/ladepeche.mr\/index.php?rest_route=%2Fwp%2Fv2%2Fmedia&parent=9340"}],"wp:term":[{"taxonomy":"category","embeddable":true,"href":"https:\/\/ladepeche.mr\/index.php?rest_route=%2Fwp%2Fv2%2Fcategories&post=9340"},{"taxonomy":"post_tag","embeddable":true,"href":"https:\/\/ladepeche.mr\/index.php?rest_route=%2Fwp%2Fv2%2Ftags&post=9340"}],"curies":[{"name":"wp","href":"https:\/\/api.w.org\/{rel}","templated":true}]}}