{"id":9343,"date":"2024-04-18T17:32:53","date_gmt":"2024-04-18T17:32:53","guid":{"rendered":"https:\/\/ladepeche.mr\/?p=9343"},"modified":"2024-04-18T18:21:31","modified_gmt":"2024-04-18T18:21:31","slug":"gaza-la-face-cachee-des-occidentaux","status":"publish","type":"post","link":"https:\/\/ladepeche.mr\/?p=9343","title":{"rendered":"Gaza\u00a0: La face cach\u00e9e des occidentaux"},"content":{"rendered":"<p>S\u2019il est aujourd\u2019hui \u00e9vident que le premier Ministre, Benyamin Netanyahou, est \u00e0 l\u2019origine de la remise en cause du processus de paix au Proche-Orient, il a su, avec la guerre sur Gaza, entra\u00eener avec lui de nombreux responsables occidentaux qui l\u2019assurent de perp\u00e9trer impun\u00e9ment un g\u00e9nocide effarant \u00e0 Gaza, n\u2019\u00e9pargnant ni femmes, ni enfants.<\/p>\n<p>Cette mission macabre, le premier Ministre Isra\u00e9lien l\u2019ex\u00e9cute avec le soutien diplomatique, militaire et financier de plusieurs pays dits d\u00e9mocratiques. Dans leurs d\u00e9clarations, leurs actions et leurs postures au conseil de s\u00e9curit\u00e9 des Nations Unies, ces gouvernements apportent, sans ambages, aujourd\u2019hui le feu-vert \u00e0 la poursuite de la mise \u00e0 mort par les armes et la famine des rescap\u00e9s de la folie meurtri\u00e8re des extr\u00e9mistes juifs.<\/p>\n<p>Mais \u00e0 quelque chose, malheur est bon et les masques sont tomb\u00e9s. Ces gouvernements si prompts \u00e0 scander et \u00e0 exiger le respect des valeurs d\u00e9mocratiques et de libert\u00e9 sont aujourd\u2019hui les premiers \u00e0 les bafouer au nom d\u2019un soutien inconditionnel \u00e0 des assassins et meurtriers d\u2019enfants dont le seul souci, comme au premier jour, est un nettoyage ethnique de la Palestine et son annexion totale au nom d\u2019une guerre, m\u00eame si ces gouvernements occidentaux ne le disent pas, savent pertinemment qu\u2019elle restera, pour les extr\u00e9mistes isra\u00e9liens, une guerre confessionnelle. L\u2019hypocrisie peut \u00eatre encore plus saillante. Les plus t\u00e9m\u00e9raires expliquent cet holocauste palestinien (34000 morts dont plus de 15.000 enfants) par les attaques du Hamas du 7 octobre 2023. Ils occultent sciemment que pour toute tentative de solution pacifique d\u2019une paix contre les terres B. Netanyahou a implos\u00e9 le processus engag\u00e9 \u00e0 Oslo. Ils font blackout sur la r\u00e9alit\u00e9 de l\u2019occupation par Isra\u00ebl de territoires libanais, syriens, palestiniens\u00a0; sur le terrorisme d\u2019Etat appliqu\u00e9 en Cisjordanie et pendant longtemps \u00e0 Gaza. Ils le soutiennent contre l\u2019Iran dont il a ray\u00e9 de la carte ses ambassades \u00e0 Damas. Enfin, ils s\u2019opposent \u00e0 la reconnaissance de l\u2019Etat de Palestine pour ne pas acculer plus l\u2019Etat h\u00e9breu dont le r\u00e9putation est devenue tristement c\u00e9l\u00e8bre aujourd\u2019hui.<\/p>\n<blockquote class=\"wp-embedded-content\" data-secret=\"ODqnvubwf1\"><p><a href=\"https:\/\/ladepeche.mr\/?p=8346\">Gaza: Faut-il envisager la suspension de la coop\u00e9ration militaire avec l\u2019Occident ?<\/a><\/p><\/blockquote>\n<p><iframe loading=\"lazy\" class=\"wp-embedded-content\" sandbox=\"allow-scripts\" security=\"restricted\" style=\"position: absolute; clip: rect(1px, 1px, 1px, 1px);\" title=\"\u00ab\u00a0Gaza: Faut-il envisager la suspension de la coop\u00e9ration militaire avec l\u2019Occident ?\u00a0\u00bb &#8212; La D\u00e9p\u00eache  de Mauritanie et du Sahel\" src=\"https:\/\/ladepeche.mr\/?p=8346&#038;embed=true#?secret=rWpL3UkH6F#?secret=ODqnvubwf1\" data-secret=\"ODqnvubwf1\" width=\"500\" height=\"282\" frameborder=\"0\" marginwidth=\"0\" marginheight=\"0\" scrolling=\"no\"><\/iframe><\/p>\n<p>Mais si l\u2019humanit\u00e9, en g\u00e9n\u00e9ral, savait de quoi \u00e9tait capable le sanguinaire premier Ministre isra\u00e9lien, t\u00eate de file du sionisme de l\u2019extr\u00eame droite dans son pays, le r\u00f4le sordide des premiers responsables politiques aux Etats Unis d\u2019Am\u00e9rique, en Angleterre, en Allemagne et en France en fait des complices du g\u00e9nocide en cours contre les populations palestiniennes.<\/p>\n<p>Le monde est d\u00e9sormais d\u00e9sabus\u00e9 face \u00e0 la remise en cause de valeurs des droits de l\u2019Homme et de la sacralit\u00e9 de la vie humaine par ces gouvernements occidentaux qui ont aveugl\u00e9ment engag\u00e9 leurs pays respectifs dans la violation flagrante des conventions et trait\u00e9s internationaux et dans les bains de sang commis B. Netanyahou \u00e0 Gaza pour assouvir sa soif de haine et sa violence monstrueuse, au vu et au su de tous y compris dans leurs propres opinions publiques.<\/p>\n<p>Ces politiques aventuristes et inhumaines apportent beaucoup au moulin des iraniens, des russes, des chinois, et tout le camp dits \u00ab\u00a0r\u00e9actionnaires\u00a0\u00bb qui, \u00e0 juste titre, indexent les doubles standards avec lesquels certains dirigeants occidentaux traitent la coop\u00e9ration et les relations internationales sur le globe.<\/p>\n<blockquote class=\"wp-embedded-content\" data-secret=\"io1k5Rj0w2\"><p><a href=\"https:\/\/ladepeche.mr\/?p=8688\">OCI: le pr\u00e9sident de l&rsquo;AN, Mohamed Ould Meguett, qualifie de \u00ab\u00a0crimes odieux\u00a0\u00bb les massacres de gazaouis par l&rsquo;arm\u00e9e isra\u00e9lienne<\/a><\/p><\/blockquote>\n<p><iframe loading=\"lazy\" class=\"wp-embedded-content\" sandbox=\"allow-scripts\" security=\"restricted\" style=\"position: absolute; clip: rect(1px, 1px, 1px, 1px);\" title=\"\u00ab\u00a0OCI: le pr\u00e9sident de l&rsquo;AN, Mohamed Ould Meguett, qualifie de \u00ab\u00a0crimes odieux\u00a0\u00bb les massacres de gazaouis par l&rsquo;arm\u00e9e isra\u00e9lienne\u00a0\u00bb &#8212; La D\u00e9p\u00eache  de Mauritanie et du Sahel\" src=\"https:\/\/ladepeche.mr\/?p=8688&#038;embed=true#?secret=BRTWjcowET#?secret=io1k5Rj0w2\" data-secret=\"io1k5Rj0w2\" width=\"500\" height=\"282\" frameborder=\"0\" marginwidth=\"0\" marginheight=\"0\" scrolling=\"no\"><\/iframe><\/p>\n<p>Le reflet donn\u00e9 par le pr\u00e9sident am\u00e9ricain Biden, qui dictait aux autres responsables anglais, allemands et fran\u00e7ais, la marche assassine \u00e0 suivre, est au regard des charniers d\u2019enfants et de civils palestiniens, la face cach\u00e9e de la m\u00eame monnaie. Si la Cour International de Justice a point\u00e9 du doigt isra\u00e9l et qu\u2019elle a convoqu\u00e9 le gouvernement Allemand, pour son \u00e9ventuelle complicit\u00e9 dans le g\u00e9nocide \u00e0 Gaza, elle devrait en faire autant contre les gouvernements des Etats-Unis et de la France (elle livrait en cachette les minutions \u00e0 Tsahal) pour r\u00e9pondre de leurs attitudes complices dans le g\u00e9nocide et les crimes contre l\u2019Humanit\u00e9 qu\u2019Isra\u00e9l commet depuis le 8 Octobre 2023 contre les populations palestiniennes.<\/p>\n<p>JD<\/p>\n<p>&nbsp;<\/p>\n","protected":false},"excerpt":{"rendered":"<p>S\u2019il est aujourd\u2019hui \u00e9vident que le premier Ministre, Benyamin Netanyahou, est \u00e0 l\u2019origine de la remise en cause du processus de paix au Proche-Orient, il a su, avec la guerre sur Gaza, entra\u00eener avec lui de nombreux responsables occidentaux qui l\u2019assurent de perp\u00e9trer impun\u00e9ment un g\u00e9nocide effarant \u00e0 Gaza, n\u2019\u00e9pargnant ni femmes, ni enfants. Cette &hellip;<\/p>\n","protected":false},"author":2,"featured_media":9347,"comment_status":"open","ping_status":"open","sticky":false,"template":"","format":"standard","meta":{"footnotes":""},"categories":[18,29],"tags":[],"class_list":["post-9343","post","type-post","status-publish","format-standard","has-post-thumbnail","hentry","category-actualites","category-monde"],"_links":{"self":[{"href":"https:\/\/ladepeche.mr\/index.php?rest_route=\/wp\/v2\/posts\/9343","targetHints":{"allow":["GET"]}}],"collection":[{"href":"https:\/\/ladepeche.mr\/index.php?rest_route=\/wp\/v2\/posts"}],"about":[{"href":"https:\/\/ladepeche.mr\/index.php?rest_route=\/wp\/v2\/types\/post"}],"author":[{"embeddable":true,"href":"https:\/\/ladepeche.mr\/index.php?rest_route=\/wp\/v2\/users\/2"}],"replies":[{"embeddable":true,"href":"https:\/\/ladepeche.mr\/index.php?rest_route=%2Fwp%2Fv2%2Fcomments&post=9343"}],"version-history":[{"count":4,"href":"https:\/\/ladepeche.mr\/index.php?rest_route=\/wp\/v2\/posts\/9343\/revisions"}],"predecessor-version":[{"id":9357,"href":"https:\/\/ladepeche.mr\/index.php?rest_route=\/wp\/v2\/posts\/9343\/revisions\/9357"}],"wp:featuredmedia":[{"embeddable":true,"href":"https:\/\/ladepeche.mr\/index.php?rest_route=\/wp\/v2\/media\/9347"}],"wp:attachment":[{"href":"https:\/\/ladepeche.mr\/index.php?rest_route=%2Fwp%2Fv2%2Fmedia&parent=9343"}],"wp:term":[{"taxonomy":"category","embeddable":true,"href":"https:\/\/ladepeche.mr\/index.php?rest_route=%2Fwp%2Fv2%2Fcategories&post=9343"},{"taxonomy":"post_tag","embeddable":true,"href":"https:\/\/ladepeche.mr\/index.php?rest_route=%2Fwp%2Fv2%2Ftags&post=9343"}],"curies":[{"name":"wp","href":"https:\/\/api.w.org\/{rel}","templated":true}]}}