{"id":9348,"date":"2024-04-18T18:06:10","date_gmt":"2024-04-18T18:06:10","guid":{"rendered":"https:\/\/ladepeche.mr\/?p=9348"},"modified":"2024-04-18T18:06:10","modified_gmt":"2024-04-18T18:06:10","slug":"le-president-de-la-republique-sentretient-avec-son-homologue-senegalais","status":"publish","type":"post","link":"https:\/\/ladepeche.mr\/?p=9348","title":{"rendered":"Le Pr\u00e9sident de la R\u00e9publique s\u2019entretient avec son homologue s\u00e9n\u00e9galais"},"content":{"rendered":"<p>Son Excellence le Pr\u00e9sident de la R\u00e9publique, Pr\u00e9sident de l\u2019Union Africaine, Monsieur Mohamed Ould Cheikh El Ghazouani, s\u2019est entretenu, jeudi au Palais pr\u00e9sidentiel \u00e0 Nouakchott, avec Son Excellence le Pr\u00e9sident s\u00e9n\u00e9galais, Monsieur Bassirou Dioumaye Faye, des relations de coop\u00e9ration bilat\u00e9rale entre les deux pays fr\u00e8res et des moyens susceptibles de d\u00e9velopper et de renforcer ces relations dans les diff\u00e9rents domaines.<\/p>\n<p>Les entretiens se sont, ensuite, \u00e9largis, outre la d\u00e9l\u00e9gation s\u00e9n\u00e9galaise, aux ministres charg\u00e9 de cabinet du Pr\u00e9sident de la R\u00e9publique, M. Mokhtar Diaye, de la Justice, M. Mohamed Mahmoud Ould Cheikh Abdoullah Ben Boya, des P\u00eaches et de l\u2019Economie Maritime, M. Mokhtar Housseini Lam, de l\u2019Equipement et des Transports, M. Mohamed Aly Sidi Mohamed, \u00e0 notre ambassadeur \u00e0 Dakar, S.E. M. Ahmedou Ould Ahmedou, au conseiller \u00e0 la Pr\u00e9sidence de la R\u00e9publique, M. Ahmed Ould Abbe, dit H\u2019meida, aux charg\u00e9s de mission \u00e0 la Pr\u00e9sidence, M. Ahmed Ould Bahini et Haroune Traor\u00e9 et \u00e0 M. Chemsseddine Sow Deyna, directeur g\u00e9n\u00e9ral des Hydrocarbures.<\/p>\n<p>Son Excellence le Pr\u00e9sident s\u00e9n\u00e9galais, M. Bassirou Dioumaye Faye, effectue actuellement une visite d\u2019amiti\u00e9 et de travail dans notre pays, &#8220;la premi\u00e8re depuis son investiture \u00e0 la magistrature supr\u00eame dans son pays&#8221;<\/p>\n<p>Ami<\/p>\n","protected":false},"excerpt":{"rendered":"<p>Son Excellence le Pr\u00e9sident de la R\u00e9publique, Pr\u00e9sident de l\u2019Union Africaine, Monsieur Mohamed Ould Cheikh El Ghazouani, s\u2019est entretenu, jeudi au Palais pr\u00e9sidentiel \u00e0 Nouakchott, avec Son Excellence le Pr\u00e9sident s\u00e9n\u00e9galais, Monsieur Bassirou Dioumaye Faye, des relations de coop\u00e9ration bilat\u00e9rale entre les deux pays fr\u00e8res et des moyens susceptibles de d\u00e9velopper et de renforcer ces &hellip;<\/p>\n","protected":false},"author":2,"featured_media":9349,"comment_status":"open","ping_status":"open","sticky":false,"template":"","format":"standard","meta":{"footnotes":""},"categories":[18],"tags":[],"class_list":["post-9348","post","type-post","status-publish","format-standard","has-post-thumbnail","hentry","category-actualites"],"_links":{"self":[{"href":"https:\/\/ladepeche.mr\/index.php?rest_route=\/wp\/v2\/posts\/9348","targetHints":{"allow":["GET"]}}],"collection":[{"href":"https:\/\/ladepeche.mr\/index.php?rest_route=\/wp\/v2\/posts"}],"about":[{"href":"https:\/\/ladepeche.mr\/index.php?rest_route=\/wp\/v2\/types\/post"}],"author":[{"embeddable":true,"href":"https:\/\/ladepeche.mr\/index.php?rest_route=\/wp\/v2\/users\/2"}],"replies":[{"embeddable":true,"href":"https:\/\/ladepeche.mr\/index.php?rest_route=%2Fwp%2Fv2%2Fcomments&post=9348"}],"version-history":[{"count":1,"href":"https:\/\/ladepeche.mr\/index.php?rest_route=\/wp\/v2\/posts\/9348\/revisions"}],"predecessor-version":[{"id":9350,"href":"https:\/\/ladepeche.mr\/index.php?rest_route=\/wp\/v2\/posts\/9348\/revisions\/9350"}],"wp:featuredmedia":[{"embeddable":true,"href":"https:\/\/ladepeche.mr\/index.php?rest_route=\/wp\/v2\/media\/9349"}],"wp:attachment":[{"href":"https:\/\/ladepeche.mr\/index.php?rest_route=%2Fwp%2Fv2%2Fmedia&parent=9348"}],"wp:term":[{"taxonomy":"category","embeddable":true,"href":"https:\/\/ladepeche.mr\/index.php?rest_route=%2Fwp%2Fv2%2Fcategories&post=9348"},{"taxonomy":"post_tag","embeddable":true,"href":"https:\/\/ladepeche.mr\/index.php?rest_route=%2Fwp%2Fv2%2Ftags&post=9348"}],"curies":[{"name":"wp","href":"https:\/\/api.w.org\/{rel}","templated":true}]}}