{"id":9351,"date":"2024-04-18T18:10:09","date_gmt":"2024-04-18T18:10:09","guid":{"rendered":"https:\/\/ladepeche.mr\/?p=9351"},"modified":"2024-04-18T18:10:09","modified_gmt":"2024-04-18T18:10:09","slug":"la-delegation-mauritanienne-a-washington-sentretient-avec-le-directeur-general-adjoint-du-fmi","status":"publish","type":"post","link":"https:\/\/ladepeche.mr\/?p=9351","title":{"rendered":"La d\u00e9l\u00e9gation mauritanienne \u00e0 Washington s&#8217;entretient avec le directeur g\u00e9n\u00e9ral adjoint du FMI"},"content":{"rendered":"<p>La d\u00e9l\u00e9gation mauritanienne participant aux r\u00e9unions de printemps 2024 organis\u00e9es par les institutions de Bretton Woods du 15 au 20 avril courant \u00e0 Washington, a tenu une s\u00e9ance de travail avec le directeur g\u00e9n\u00e9ral adjoint du FMI, M. Kenji Okamura.<\/p>\n<p>La s\u00e9ance a \u00e9t\u00e9 consacr\u00e9e \u00e0 la discussion du programme de r\u00e9forme \u00e9conomique adopt\u00e9 par notre pays avec le soutien du Fonds, lequel vise \u00e0 maintenir la stabilit\u00e9 macro\u00e9conomique, \u00e0 renforcer les cadres de politique budg\u00e9taire et mon\u00e9taire, \u00e0 soutenir une croissance durable et \u00e0 r\u00e9duire la pauvret\u00e9.<\/p>\n<p>Ont pris part \u00e0 la rencontre les ministres de l&#8217;Economie et des Finances, le Gouverneur de la Banque centrale, l&#8217;ambassadrice de notre pays \u00e0 Washington, le Conseiller \u00e0 la Pr\u00e9sidence et celui du Premier Ministre, ainsi que l&#8217;Inspecteur g\u00e9n\u00e9ral de l&#8217;Etat.<\/p>\n<p>MeDD<\/p>\n","protected":false},"excerpt":{"rendered":"<p>La d\u00e9l\u00e9gation mauritanienne participant aux r\u00e9unions de printemps 2024 organis\u00e9es par les institutions de Bretton Woods du 15 au 20 avril courant \u00e0 Washington, a tenu une s\u00e9ance de travail avec le directeur g\u00e9n\u00e9ral adjoint du FMI, M. Kenji Okamura. La s\u00e9ance a \u00e9t\u00e9 consacr\u00e9e \u00e0 la discussion du programme de r\u00e9forme \u00e9conomique adopt\u00e9 par &hellip;<\/p>\n","protected":false},"author":2,"featured_media":9352,"comment_status":"open","ping_status":"open","sticky":false,"template":"","format":"standard","meta":{"footnotes":""},"categories":[18,2],"tags":[],"class_list":["post-9351","post","type-post","status-publish","format-standard","has-post-thumbnail","hentry","category-actualites","category-economie"],"_links":{"self":[{"href":"https:\/\/ladepeche.mr\/index.php?rest_route=\/wp\/v2\/posts\/9351","targetHints":{"allow":["GET"]}}],"collection":[{"href":"https:\/\/ladepeche.mr\/index.php?rest_route=\/wp\/v2\/posts"}],"about":[{"href":"https:\/\/ladepeche.mr\/index.php?rest_route=\/wp\/v2\/types\/post"}],"author":[{"embeddable":true,"href":"https:\/\/ladepeche.mr\/index.php?rest_route=\/wp\/v2\/users\/2"}],"replies":[{"embeddable":true,"href":"https:\/\/ladepeche.mr\/index.php?rest_route=%2Fwp%2Fv2%2Fcomments&post=9351"}],"version-history":[{"count":1,"href":"https:\/\/ladepeche.mr\/index.php?rest_route=\/wp\/v2\/posts\/9351\/revisions"}],"predecessor-version":[{"id":9353,"href":"https:\/\/ladepeche.mr\/index.php?rest_route=\/wp\/v2\/posts\/9351\/revisions\/9353"}],"wp:featuredmedia":[{"embeddable":true,"href":"https:\/\/ladepeche.mr\/index.php?rest_route=\/wp\/v2\/media\/9352"}],"wp:attachment":[{"href":"https:\/\/ladepeche.mr\/index.php?rest_route=%2Fwp%2Fv2%2Fmedia&parent=9351"}],"wp:term":[{"taxonomy":"category","embeddable":true,"href":"https:\/\/ladepeche.mr\/index.php?rest_route=%2Fwp%2Fv2%2Fcategories&post=9351"},{"taxonomy":"post_tag","embeddable":true,"href":"https:\/\/ladepeche.mr\/index.php?rest_route=%2Fwp%2Fv2%2Ftags&post=9351"}],"curies":[{"name":"wp","href":"https:\/\/api.w.org\/{rel}","templated":true}]}}