{"id":9366,"date":"2024-04-19T23:30:02","date_gmt":"2024-04-19T23:30:02","guid":{"rendered":"https:\/\/ladepeche.mr\/?p=9366"},"modified":"2024-04-19T23:30:02","modified_gmt":"2024-04-19T23:30:02","slug":"demi-finales-de-la-coupe-de-la-confederation-africaine-de-football-lalgerie-accusee-de-melanger-le-sport-et-la-politique","status":"publish","type":"post","link":"https:\/\/ladepeche.mr\/?p=9366","title":{"rendered":"Demi-finales de la Coupe de la Conf\u00e9d\u00e9ration Africaine de football : L\u2019Alg\u00e9rie accus\u00e9e de \u201cm\u00e9langer le sport et la politique\u201d"},"content":{"rendered":"<p class=\"s3\">La d\u00e9l\u00e9gation de l\u2019\u00e9quipe de football de la Renaissance de Berkane, qui s\u2019est rendue, ce vendredi 19 avril 2024 matin, en Alg\u00e9rie a \u00e9t\u00e9 bloqu\u00e9e par les autorit\u00e9s alg\u00e9riennes, qui leur ont saisi leurs \u00e9quipements et tenues de football, indiquent les m\u00eames sources. Cette interdiction d\u2019acc\u00e8s serait \u201cli\u00e9e maillot avec lequel l\u2019\u00e9quipe marocaine participe \u00e0 cette \u00e9dition de la Coupe de la CAF, et qui porte la carte du Royaume du Maroc.\u201d<\/p>\n<p class=\"s3\"><span class=\"s4\"><span class=\"bumpedFont15\">Il sied de signaler que la d\u00e9l\u00e9gation avait obtenu l&#8217;autorisation de voyager vers Alger dans un avion espagnol, contournant ainsi les restrictions d&#8217;acc\u00e8s impos\u00e9es par l&#8217;Alg\u00e9rie aux vols marocains.<\/span><\/span><\/p>\n<p class=\"s3\"><span class=\"s4\"><span class=\"bumpedFont15\">L\u2019\u00e9quipe marocaine s\u2019est d\u00e9plac\u00e9e \u00e0 Alger, via un vol direct au d\u00e9part de l\u2019a\u00e9roport d&#8217;Oujda et \u00e0 destination de l\u2019a\u00e9roport Houari Boumediene d\u2019Alger, en pr\u00e9vision du match aller des demi-finales de la Coupe de la Conf\u00e9d\u00e9ration Africaine de football qui opposera dimanche 21 avril 2024, le club marocain \u00e0 l\u2019Union Sportive de la M\u00e9dina d\u2019Alger (USMA d\u2019Alger).<\/span><\/span><\/p>\n<p class=\"s3\">Le club marocain d\u00e9nonce l\u2019attitude de \u201cl\u2019Algerie pays h\u00f4te de ce match, (qui) loin de tout esprit sportif devant r\u00e9gner lors de ce genre d\u2019\u00e9v\u00e8nement, m\u00eale politique au sport.\u201d<\/p>\n<p class=\"s3\"><span class=\"s4\"><span class=\"bumpedFont15\">Pour lui, \u201cil s\u2019agit d\u2019une d\u00e9cision politique et anti sport qui vise \u00e0 politiser une comp\u00e9tition sportive \u00e0 cause des convictions propres au r\u00e9gime alg\u00e9rien, pr\u00eat \u00e0 sacrifier et sanctionner la bonne tenue d\u2019\u00e9v\u00e8nements sportifs rien que pour satisfaire l\u2019\u00e9go\u00efsme dudit r\u00e9gime, qui n\u2019arrive plus \u00e0 se d\u00e9barrasser du complexe marocain.\u201d<\/span><\/span><\/p>\n<p class=\"s3\"><span class=\"s4\"><span class=\"bumpedFont15\">Cette situation met en lumi\u00e8re les tensions persistantes de l\u2019Alg\u00e9rie \u00e0 l\u2019\u00e9gard du Maroc, notamment l&#8217;interdiction par l&#8217;Alg\u00e9rie des vols marocains depuis septembre 2021, qui cr\u00e9e des probl\u00e8mes r\u00e9currents lors d&#8217;\u00e9v\u00e9nements sportifs et autres rencontres entre les deux pays.<\/span><\/span><\/p>\n<p class=\"s3\"><span class=\"s4\"><span class=\"bumpedFont15\">Cet incident souligne les d\u00e9fis multiples auxquels sont confront\u00e9s les sportifs marocains quand ils doivent affronter leurs concurrents alg\u00e9riens.<\/span><\/span><\/p>\n<p>avec m\u00e9dias<\/p>\n","protected":false},"excerpt":{"rendered":"<p>La d\u00e9l\u00e9gation de l\u2019\u00e9quipe de football de la Renaissance de Berkane, qui s\u2019est rendue, ce vendredi 19 avril 2024 matin, en Alg\u00e9rie a \u00e9t\u00e9 bloqu\u00e9e par les autorit\u00e9s alg\u00e9riennes, qui leur ont saisi leurs \u00e9quipements et tenues de football, indiquent les m\u00eames sources. Cette interdiction d\u2019acc\u00e8s serait \u201cli\u00e9e maillot avec lequel l\u2019\u00e9quipe marocaine participe \u00e0 &hellip;<\/p>\n","protected":false},"author":2,"featured_media":9368,"comment_status":"open","ping_status":"open","sticky":false,"template":"","format":"standard","meta":{"footnotes":""},"categories":[18,29,17],"tags":[],"class_list":["post-9366","post","type-post","status-publish","format-standard","has-post-thumbnail","hentry","category-actualites","category-monde","category-sports"],"_links":{"self":[{"href":"https:\/\/ladepeche.mr\/index.php?rest_route=\/wp\/v2\/posts\/9366","targetHints":{"allow":["GET"]}}],"collection":[{"href":"https:\/\/ladepeche.mr\/index.php?rest_route=\/wp\/v2\/posts"}],"about":[{"href":"https:\/\/ladepeche.mr\/index.php?rest_route=\/wp\/v2\/types\/post"}],"author":[{"embeddable":true,"href":"https:\/\/ladepeche.mr\/index.php?rest_route=\/wp\/v2\/users\/2"}],"replies":[{"embeddable":true,"href":"https:\/\/ladepeche.mr\/index.php?rest_route=%2Fwp%2Fv2%2Fcomments&post=9366"}],"version-history":[{"count":1,"href":"https:\/\/ladepeche.mr\/index.php?rest_route=\/wp\/v2\/posts\/9366\/revisions"}],"predecessor-version":[{"id":9367,"href":"https:\/\/ladepeche.mr\/index.php?rest_route=\/wp\/v2\/posts\/9366\/revisions\/9367"}],"wp:featuredmedia":[{"embeddable":true,"href":"https:\/\/ladepeche.mr\/index.php?rest_route=\/wp\/v2\/media\/9368"}],"wp:attachment":[{"href":"https:\/\/ladepeche.mr\/index.php?rest_route=%2Fwp%2Fv2%2Fmedia&parent=9366"}],"wp:term":[{"taxonomy":"category","embeddable":true,"href":"https:\/\/ladepeche.mr\/index.php?rest_route=%2Fwp%2Fv2%2Fcategories&post=9366"},{"taxonomy":"post_tag","embeddable":true,"href":"https:\/\/ladepeche.mr\/index.php?rest_route=%2Fwp%2Fv2%2Ftags&post=9366"}],"curies":[{"name":"wp","href":"https:\/\/api.w.org\/{rel}","templated":true}]}}