{"id":9370,"date":"2024-04-20T18:16:10","date_gmt":"2024-04-20T18:16:10","guid":{"rendered":"https:\/\/ladepeche.mr\/?p=9370"},"modified":"2024-04-20T18:16:10","modified_gmt":"2024-04-20T18:16:10","slug":"convocation-des-electeurs-pour-lelection-du-president-de-la-republique","status":"publish","type":"post","link":"https:\/\/ladepeche.mr\/?p=9370","title":{"rendered":"Convocation des \u00e9lecteurs pour l\u2019\u00e9lection du Pr\u00e9sident de la R\u00e9publique"},"content":{"rendered":"<article id=\"post-244199\" class=\"post-244199 post type-post status-publish format-standard has-post-thumbnail  category-choix-du-redacteur category-fil-dactualite category-mauritanie category-slider-afficher category-slider-mauritanie single-post-content has-thumbnail\">\n<div class=\"entry-content clearfix single-post-content\">\n<p>La Pr\u00e9sidence de la R\u00e9publique a rendu public, vendredi soir, 19 avril 2024, un d\u00e9cret portant convocation du coll\u00e8ge \u00e9lectoral pour l\u2019\u00e9lection du Pr\u00e9sident de la R\u00e9publique.<br \/>\nLe d\u00e9cret stipule que :<br \/>\n1. Le coll\u00e8ge \u00e9lectoral est convoqu\u00e9 le samedi 29 juin 2024 et, en cas de second tour, le samedi 13 juillet 2024, en vue d\u2019\u00e9lire le Pr\u00e9sident de la R\u00e9publique.<br \/>\n2. La campagne \u00e9lectorale sera ouverte le vendredi 14 juin 2024 \u00e0 z\u00e9ro heure et close le 27 juin 2024 \u00e0 minuit.<br \/>\n3. Le scrutin sera ouvert \u00e0 7 heures du matin et clos \u00e0 19 heures.<\/p>\n<\/div>\n<\/article>\n<section class=\"next-prev-post clearfix\">\n<div class=\"prev-post\">\n<p class=\"pre-title heading-typo\">\n<\/div>\n<\/section>\n","protected":false},"excerpt":{"rendered":"<p>La Pr\u00e9sidence de la R\u00e9publique a rendu public, vendredi soir, 19 avril 2024, un d\u00e9cret portant convocation du coll\u00e8ge \u00e9lectoral pour l\u2019\u00e9lection du Pr\u00e9sident de la R\u00e9publique. Le d\u00e9cret stipule que : 1. Le coll\u00e8ge \u00e9lectoral est convoqu\u00e9 le samedi 29 juin 2024 et, en cas de second tour, le samedi 13 juillet 2024, en &hellip;<\/p>\n","protected":false},"author":2,"featured_media":9371,"comment_status":"open","ping_status":"open","sticky":false,"template":"","format":"standard","meta":{"footnotes":""},"categories":[18,31],"tags":[],"class_list":["post-9370","post","type-post","status-publish","format-standard","has-post-thumbnail","hentry","category-actualites","category-politique-et-reportages"],"_links":{"self":[{"href":"https:\/\/ladepeche.mr\/index.php?rest_route=\/wp\/v2\/posts\/9370","targetHints":{"allow":["GET"]}}],"collection":[{"href":"https:\/\/ladepeche.mr\/index.php?rest_route=\/wp\/v2\/posts"}],"about":[{"href":"https:\/\/ladepeche.mr\/index.php?rest_route=\/wp\/v2\/types\/post"}],"author":[{"embeddable":true,"href":"https:\/\/ladepeche.mr\/index.php?rest_route=\/wp\/v2\/users\/2"}],"replies":[{"embeddable":true,"href":"https:\/\/ladepeche.mr\/index.php?rest_route=%2Fwp%2Fv2%2Fcomments&post=9370"}],"version-history":[{"count":1,"href":"https:\/\/ladepeche.mr\/index.php?rest_route=\/wp\/v2\/posts\/9370\/revisions"}],"predecessor-version":[{"id":9372,"href":"https:\/\/ladepeche.mr\/index.php?rest_route=\/wp\/v2\/posts\/9370\/revisions\/9372"}],"wp:featuredmedia":[{"embeddable":true,"href":"https:\/\/ladepeche.mr\/index.php?rest_route=\/wp\/v2\/media\/9371"}],"wp:attachment":[{"href":"https:\/\/ladepeche.mr\/index.php?rest_route=%2Fwp%2Fv2%2Fmedia&parent=9370"}],"wp:term":[{"taxonomy":"category","embeddable":true,"href":"https:\/\/ladepeche.mr\/index.php?rest_route=%2Fwp%2Fv2%2Fcategories&post=9370"},{"taxonomy":"post_tag","embeddable":true,"href":"https:\/\/ladepeche.mr\/index.php?rest_route=%2Fwp%2Fv2%2Ftags&post=9370"}],"curies":[{"name":"wp","href":"https:\/\/api.w.org\/{rel}","templated":true}]}}