{"id":9376,"date":"2024-04-20T19:15:49","date_gmt":"2024-04-20T19:15:49","guid":{"rendered":"https:\/\/ladepeche.mr\/?p=9376"},"modified":"2024-04-20T19:16:50","modified_gmt":"2024-04-20T19:16:50","slug":"le-ministre-de-leconomie-signe-trois-accords-de-financement-avec-la-banque-mondiale-dune-valeur-de-673-millions-usd","status":"publish","type":"post","link":"https:\/\/ladepeche.mr\/?p=9376","title":{"rendered":"Le ministre de l&#8217;\u00c9conomie signe trois accords de financement avec la Banque mondiale d&#8217;une valeur de 67,3 millions USD"},"content":{"rendered":"<p>Son excellence Monsieur Abdessalam Ould Mohamed Saleh, ministre de l\u2019Economie et du d\u00e9veloppement Durable a proc\u00e9d\u00e9 jeudi, en marge des r\u00e9unions du printemps du FMI et de la Banque Mondiale, avec Son excellence Monsieur Ousmane DIAGANA, vice-pr\u00e9sident de la Banque Mondiale, \u00e0 la Signature de trois accords de financement, deux dons et un cr\u00e9dit, destin\u00e9s au financement du Projet d\u2019appui au syst\u00e8me de sant\u00e9 (INAYA \u00e9largi)<\/p>\n<p>Le montant global de ces financements est de 67,3 millions de Dollars Am\u00e9ricains, soit l\u2019\u00e9quivalent d\u2019environ deux milliards six cent soixante et un millions (2.661.000.000) MRU dont un don de l\u2019Association Internationale de D\u00e9veloppement (IDA) d\u2019un montant de 6 730 000 USD et un don provenant des ressources des facilit\u00e9s de financement International (GFF) de15 000 000 USD.<\/p>\n<p>Ces financements permettront d\u2019am\u00e9liorer l\u2019accessibilit\u00e9 et la qualit\u00e9 des services de sant\u00e9 de la reproduction et de sant\u00e9 et de nutrition de la m\u00e8re, du nouveau-n\u00e9, de l\u2019enfant et de l\u2019adolescent ainsi que d\u2019augmenter le recours \u00e0 ces services dans les r\u00e9gions s\u00e9lectionn\u00e9es, et en cas de Situation de Crise ou d\u2019Urgence \u00c9ligible, d\u2019y apporter une r\u00e9ponse sans d\u00e9lai et efficacement.<br \/>\nLe Ministre de l\u2019Economie et du D\u00e9veloppement Durable a saisi cette occasion pour exprimer \u00e0 la Banque Mondiale, les vifs remerciements du peuple et du Gouvernement Mauritaniens pour cet appui important qui aura un impact significatif sur notre d\u00e9veloppement \u00e9conomique et social.<\/p>\n<p>La c\u00e9r\u00e9monie de signature s\u2019est d\u00e9roul\u00e9e en pr\u00e9sence du gouverneur de la Banque centrale de Mauritanie, M. Mohamed Lemine Ould Dhehbi, de l\u2019Ambassadrice de Mauritanie \u00e0 Washington, SEM Ciss\u00e9 Boide, et de Mohamed Salem Nany, directeur g\u00e9n\u00e9ral des Financements et de la Coop\u00e9ration Economique.<\/p>\n<p>MEcDD<\/p>\n","protected":false},"excerpt":{"rendered":"<p>Son excellence Monsieur Abdessalam Ould Mohamed Saleh, ministre de l\u2019Economie et du d\u00e9veloppement Durable a proc\u00e9d\u00e9 jeudi, en marge des r\u00e9unions du printemps du FMI et de la Banque Mondiale, avec Son excellence Monsieur Ousmane DIAGANA, vice-pr\u00e9sident de la Banque Mondiale, \u00e0 la Signature de trois accords de financement, deux dons et un cr\u00e9dit, destin\u00e9s &hellip;<\/p>\n","protected":false},"author":2,"featured_media":9378,"comment_status":"open","ping_status":"open","sticky":false,"template":"","format":"standard","meta":{"footnotes":""},"categories":[18,2],"tags":[],"class_list":["post-9376","post","type-post","status-publish","format-standard","has-post-thumbnail","hentry","category-actualites","category-economie"],"_links":{"self":[{"href":"https:\/\/ladepeche.mr\/index.php?rest_route=\/wp\/v2\/posts\/9376","targetHints":{"allow":["GET"]}}],"collection":[{"href":"https:\/\/ladepeche.mr\/index.php?rest_route=\/wp\/v2\/posts"}],"about":[{"href":"https:\/\/ladepeche.mr\/index.php?rest_route=\/wp\/v2\/types\/post"}],"author":[{"embeddable":true,"href":"https:\/\/ladepeche.mr\/index.php?rest_route=\/wp\/v2\/users\/2"}],"replies":[{"embeddable":true,"href":"https:\/\/ladepeche.mr\/index.php?rest_route=%2Fwp%2Fv2%2Fcomments&post=9376"}],"version-history":[{"count":2,"href":"https:\/\/ladepeche.mr\/index.php?rest_route=\/wp\/v2\/posts\/9376\/revisions"}],"predecessor-version":[{"id":9379,"href":"https:\/\/ladepeche.mr\/index.php?rest_route=\/wp\/v2\/posts\/9376\/revisions\/9379"}],"wp:featuredmedia":[{"embeddable":true,"href":"https:\/\/ladepeche.mr\/index.php?rest_route=\/wp\/v2\/media\/9378"}],"wp:attachment":[{"href":"https:\/\/ladepeche.mr\/index.php?rest_route=%2Fwp%2Fv2%2Fmedia&parent=9376"}],"wp:term":[{"taxonomy":"category","embeddable":true,"href":"https:\/\/ladepeche.mr\/index.php?rest_route=%2Fwp%2Fv2%2Fcategories&post=9376"},{"taxonomy":"post_tag","embeddable":true,"href":"https:\/\/ladepeche.mr\/index.php?rest_route=%2Fwp%2Fv2%2Ftags&post=9376"}],"curies":[{"name":"wp","href":"https:\/\/api.w.org\/{rel}","templated":true}]}}