{"id":9381,"date":"2024-04-20T23:29:33","date_gmt":"2024-04-20T23:29:33","guid":{"rendered":"https:\/\/ladepeche.mr\/?p=9381"},"modified":"2024-04-20T23:36:46","modified_gmt":"2024-04-20T23:36:46","slug":"mauritanie-mali-la-mauritanie-proteste-contre-les-attaques-recurrentes-des-fama-contre-ses-ressortissants","status":"publish","type":"post","link":"https:\/\/ladepeche.mr\/?p=9381","title":{"rendered":"Mauritanie-Mali: La Mauritanie proteste contre les attaques r\u00e9currentes des FAMA contre ses ressortissants"},"content":{"rendered":"<p class=\"p1\" style=\"text-align: left;\">Les autorit\u00e9s mauritaniennes sont sorties vendredi, de leur retenue observ\u00e9e depuis quelques temps, pour protester contre la poursuite les attaques des forces arm\u00e9es maliennes (FAMA) contre leurs ressortissants et ont exig\u00e9 des explications.<\/p>\n<p class=\"p1\"><span class=\"s1\">C\u2019est dans ce cadre que le minist\u00e8re des affaires \u00e9trang\u00e8res, de la coop\u00e9ration et des Mauritaniens de l\u2019ext\u00e9rieur convoqu\u00e9, vendredi 19 avril 2024, l\u2019ambassadeur de la R\u00e9publique du Mali accr\u00e9dit\u00e9 \u00e0 Nouakchott pour lui signifier ses protestations et que le ministre de la d\u00e9fense s\u2019est rendu le m\u00eame jour \u00e0 Bamako porteur d\u2019un message de m\u00eame teneur, pr\u00e9cise un communiqu\u00e9 officiel du MAECME. Le MAECME a en outre condamn\u00e9 les attaques r\u00e9currentes des FAMA contre de paisibles citoyens Mauritaniens sur le territoire malien.<br \/>\nLes autorit\u00e9s ont \u00e9galement estim\u00e9 que la persistance de situation \u00e9tait devenue inacceptable rappelant qu\u2019elles avaient mis en garde les autorit\u00e9s maliennes contre ces pratiques pr\u00e9judiciables aux \u00ab relations de bon voisinage et de coop\u00e9ration entre les deux peuples \u00bb et leurs int\u00e9r\u00eats communs\u00bb.<br \/>\nEn 2023, rappelle-t-on, plusieurs bavures de l\u2019arm\u00e9e malienne avaient co\u00fbt\u00e9 la vie \u00e0 plus d\u2019une vingtaine de mauritaniens, pris pour cibles dans la lutte que les autorit\u00e9s maliennes m\u00e8nent contre les touaregs et les djihadistes.<br \/>\nDes \u00e9v\u00e8nements qui avaient encore valu \u00e0 l\u2019ambassadeur malien en place \u00e0 Nouakchott d\u2019\u00eatre convoqu\u00e9, une premi\u00e8re fois, par le MAECME.<\/span><\/p>\n","protected":false},"excerpt":{"rendered":"<p>Les autorit\u00e9s mauritaniennes sont sorties vendredi, de leur retenue observ\u00e9e depuis quelques temps, pour protester contre la poursuite les attaques des forces arm\u00e9es maliennes (FAMA) contre leurs ressortissants et ont exig\u00e9 des explications. C\u2019est dans ce cadre que le minist\u00e8re des affaires \u00e9trang\u00e8res, de la coop\u00e9ration et des Mauritaniens de l\u2019ext\u00e9rieur convoqu\u00e9, vendredi 19 avril &hellip;<\/p>\n","protected":false},"author":2,"featured_media":9382,"comment_status":"open","ping_status":"open","sticky":false,"template":"","format":"standard","meta":{"footnotes":""},"categories":[18,29],"tags":[],"class_list":["post-9381","post","type-post","status-publish","format-standard","has-post-thumbnail","hentry","category-actualites","category-monde"],"_links":{"self":[{"href":"https:\/\/ladepeche.mr\/index.php?rest_route=\/wp\/v2\/posts\/9381","targetHints":{"allow":["GET"]}}],"collection":[{"href":"https:\/\/ladepeche.mr\/index.php?rest_route=\/wp\/v2\/posts"}],"about":[{"href":"https:\/\/ladepeche.mr\/index.php?rest_route=\/wp\/v2\/types\/post"}],"author":[{"embeddable":true,"href":"https:\/\/ladepeche.mr\/index.php?rest_route=\/wp\/v2\/users\/2"}],"replies":[{"embeddable":true,"href":"https:\/\/ladepeche.mr\/index.php?rest_route=%2Fwp%2Fv2%2Fcomments&post=9381"}],"version-history":[{"count":4,"href":"https:\/\/ladepeche.mr\/index.php?rest_route=\/wp\/v2\/posts\/9381\/revisions"}],"predecessor-version":[{"id":9387,"href":"https:\/\/ladepeche.mr\/index.php?rest_route=\/wp\/v2\/posts\/9381\/revisions\/9387"}],"wp:featuredmedia":[{"embeddable":true,"href":"https:\/\/ladepeche.mr\/index.php?rest_route=\/wp\/v2\/media\/9382"}],"wp:attachment":[{"href":"https:\/\/ladepeche.mr\/index.php?rest_route=%2Fwp%2Fv2%2Fmedia&parent=9381"}],"wp:term":[{"taxonomy":"category","embeddable":true,"href":"https:\/\/ladepeche.mr\/index.php?rest_route=%2Fwp%2Fv2%2Fcategories&post=9381"},{"taxonomy":"post_tag","embeddable":true,"href":"https:\/\/ladepeche.mr\/index.php?rest_route=%2Fwp%2Fv2%2Ftags&post=9381"}],"curies":[{"name":"wp","href":"https:\/\/api.w.org\/{rel}","templated":true}]}}