{"id":9406,"date":"2024-04-22T11:43:27","date_gmt":"2024-04-22T11:43:27","guid":{"rendered":"https:\/\/ladepeche.mr\/?p=9406"},"modified":"2024-04-22T11:43:27","modified_gmt":"2024-04-22T11:43:27","slug":"le-roi-mohammed-vi-felicite-lequipe-nationale-de-futsal-sacree-championne-de-la-can-2024","status":"publish","type":"post","link":"https:\/\/ladepeche.mr\/?p=9406","title":{"rendered":"Le Roi Mohammed VI f\u00e9licite l\u2019\u00e9quipe nationale de futsal sacr\u00e9e championne de la CAN 2024"},"content":{"rendered":"<p>Sa Majest\u00e9 le Roi Mohammed VI a adress\u00e9 un message de f\u00e9licitations aux membres de l\u2019\u00e9quipe nationale de futsal qui a remport\u00e9, dimanche \u00e0 Rabat, la Coupe d\u2019Afrique des Nations de futsal (Maroc 2024).<\/p>\n<p>Dans ce message, SM le Roi exprime aux membres de l\u2019\u00e9quipe nationale de futsal ses chaleureuses f\u00e9licitations apr\u00e8s avoir remport\u00e9 la septi\u00e8me \u00e9dition de la Coupe d\u2019Afrique des Nations de futsal qu\u2019a abrit\u00e9e la capitale du Royaume, avec une hospitalit\u00e9 et une organisation in\u00e9gal\u00e9e.<\/p>\n<p>Le Souverain fait part \u00e9galement de sa grande fiert\u00e9 de la ferme d\u00e9termination dont ont fait montre les membres de l\u2019\u00e9quipe nationale afin de remporter, pour la troisi\u00e8me fois d\u2019affil\u00e9e ce titre continental, anim\u00e9s en cela par un patriotisme exemplaire et un engagement s\u00e9rieux pour le rayonnement du football et du sport marocains.<\/p>\n<p>R\u00e9it\u00e9rant ses f\u00e9licitations aux membres de l\u2019\u00e9quipe nationale et \u00e0 l\u2019ensemble des cadres techniques et administratifs de la F\u00e9d\u00e9ration Royale Marocaine de Football, Sa Majest\u00e9 le Roi implore le Tout-Puissant de leur accorder davantage de succ\u00e8s et de distinctions lors de la Coupe du Monde Ouzb\u00e9kistan-2024, et dans leurs efforts soutenus pour gravir les plus hautes marches des podiums sur les plans continental et international.<\/p>\n<p>avec MAP<\/p>\n","protected":false},"excerpt":{"rendered":"<p>Sa Majest\u00e9 le Roi Mohammed VI a adress\u00e9 un message de f\u00e9licitations aux membres de l\u2019\u00e9quipe nationale de futsal qui a remport\u00e9, dimanche \u00e0 Rabat, la Coupe d\u2019Afrique des Nations de futsal (Maroc 2024). Dans ce message, SM le Roi exprime aux membres de l\u2019\u00e9quipe nationale de futsal ses chaleureuses f\u00e9licitations apr\u00e8s avoir remport\u00e9 la &hellip;<\/p>\n","protected":false},"author":2,"featured_media":9407,"comment_status":"open","ping_status":"open","sticky":false,"template":"","format":"standard","meta":{"footnotes":""},"categories":[18,17],"tags":[],"class_list":["post-9406","post","type-post","status-publish","format-standard","has-post-thumbnail","hentry","category-actualites","category-sports"],"_links":{"self":[{"href":"https:\/\/ladepeche.mr\/index.php?rest_route=\/wp\/v2\/posts\/9406","targetHints":{"allow":["GET"]}}],"collection":[{"href":"https:\/\/ladepeche.mr\/index.php?rest_route=\/wp\/v2\/posts"}],"about":[{"href":"https:\/\/ladepeche.mr\/index.php?rest_route=\/wp\/v2\/types\/post"}],"author":[{"embeddable":true,"href":"https:\/\/ladepeche.mr\/index.php?rest_route=\/wp\/v2\/users\/2"}],"replies":[{"embeddable":true,"href":"https:\/\/ladepeche.mr\/index.php?rest_route=%2Fwp%2Fv2%2Fcomments&post=9406"}],"version-history":[{"count":1,"href":"https:\/\/ladepeche.mr\/index.php?rest_route=\/wp\/v2\/posts\/9406\/revisions"}],"predecessor-version":[{"id":9408,"href":"https:\/\/ladepeche.mr\/index.php?rest_route=\/wp\/v2\/posts\/9406\/revisions\/9408"}],"wp:featuredmedia":[{"embeddable":true,"href":"https:\/\/ladepeche.mr\/index.php?rest_route=\/wp\/v2\/media\/9407"}],"wp:attachment":[{"href":"https:\/\/ladepeche.mr\/index.php?rest_route=%2Fwp%2Fv2%2Fmedia&parent=9406"}],"wp:term":[{"taxonomy":"category","embeddable":true,"href":"https:\/\/ladepeche.mr\/index.php?rest_route=%2Fwp%2Fv2%2Fcategories&post=9406"},{"taxonomy":"post_tag","embeddable":true,"href":"https:\/\/ladepeche.mr\/index.php?rest_route=%2Fwp%2Fv2%2Ftags&post=9406"}],"curies":[{"name":"wp","href":"https:\/\/api.w.org\/{rel}","templated":true}]}}