{"id":9414,"date":"2024-04-22T21:31:07","date_gmt":"2024-04-22T21:31:07","guid":{"rendered":"https:\/\/ladepeche.mr\/?p=9414"},"modified":"2024-04-22T21:31:07","modified_gmt":"2024-04-22T21:31:07","slug":"conseil-des-ministres-dimportantes-mesures-prises-pour-la-relance-du-secteur-des-peches-et-la-resolution-des-problemes-socio-economiques-des-populations-de-dakhlet-nouadhibou","status":"publish","type":"post","link":"https:\/\/ladepeche.mr\/?p=9414","title":{"rendered":"Conseil des Ministres: d\u2019importantes mesures prises pour la relance du secteur des P\u00eaches et la r\u00e9solution des probl\u00e8mes socio-\u00e9conomiques des populations de Dakhlet-Nouadhibou"},"content":{"rendered":"<p>Le Conseil des Ministres s\u2019est r\u00e9uni le lundi 22 avril 2024 \u00e0 Nouadhibou, sous la Pr\u00e9sidence de Son Excellence Monsieur le Pr\u00e9sident de la R\u00e9publique, Mohamed Ould Cheikh El Ghazouani.<\/p>\n<p>Le Conseil a examin\u00e9 et adopt\u00e9 les projets de d\u00e9crets suivants :<\/p>\n<p>\u2010 Projet de d\u00e9cret portant cr\u00e9ation du Programme TEKAVOUL.<\/p>\n<p>Le Programme Takavoul, qui constitue un levier important dans la politique du Gouvernement en mati\u00e8re de protection sociale et de lutte contre la pauvret\u00e9 et l\u2019exclusion, a enregistr\u00e9 ces derni\u00e8res ann\u00e9es des r\u00e9sultats significatifs. Toutefois ses activit\u00e9s souffrent de l\u2019absence d\u2019un cadre juridique.<\/p>\n<p>C\u2019est \u00e0 cet \u00e9gard que le pr\u00e9sent projet de d\u00e9cret vise la cr\u00e9ation d\u2019un Programme d\u00e9nomm\u00e9 \u00ab Takavoul \u00bb, en tant que structure administrative de la D\u00e9l\u00e9gation \u00e0 la solidarit\u00e9 nationale et \u00e0 la lutte contre l\u2019exclusion (Taazour), pour combler le vide juridique qui entrave la r\u00e9glementation de ses activit\u00e9s.<\/p>\n<p>\u2010 Projet de d\u00e9cret portant cr\u00e9ation, organisation et fonctionnement d\u2019un \u00e9tablissement public \u00e0 caract\u00e8re administratif d\u00e9nomm\u00e9 \u00ab Agence Nationale de Cybers\u00e9curit\u00e9 et de Certification Electronique (ANCCE) \u00bb.<\/p>\n<p>Ce projet de d\u00e9cret vise la cr\u00e9ation d\u2019une Agence Nationale de Cybers\u00e9curit\u00e9 et de Certification Electronique, conform\u00e9ment aux dispositions de la loi n\u00b0 2018-022 du 12 juin 2018 portant sur les transactions \u00e9lectroniques, et sur la base des objectifs de la Strat\u00e9gie Nationale de S\u00e9curit\u00e9 Num\u00e9rique 2022-2025.<\/p>\n<p>Cette Agence, qui aura le statut d\u2019un Etablissement Public \u00e0 caract\u00e8re Administratif, a pour principaux objectifs de : i) d\u00e9finir et mettre en \u0153uvre la politique mauritanienne de certification \u00e9lectronique ; et ii) prot\u00e9ger le cyberspace national et am\u00e9liorer la gouvernance de la cybers\u00e9cutit\u00e9.<\/p>\n<p>\u2010 Projet de d\u00e9cret portant nomination du Pr\u00e9sident et des membres du Conseil d\u2019Administration de la SOMELEC soci\u00e9t\u00e9 m\u00e8re.<\/p>\n<p>\u2010 Projet de d\u00e9cret portant nomination des membres du Conseil d\u2019Administration de la Soci\u00e9t\u00e9 d\u2019Electrification Rurale (SER) Groupe SOMELEC.<\/p>\n<p>\u2010 Projet de d\u00e9cret portant nomination des membres du Conseil d\u2019Administration de la Soci\u00e9t\u00e9 de Distribution et de Commercialisation (SDC) Groupe-SOMELEC.<\/p>\n<p>\u2010 Projet de d\u00e9cret portant nomination des membres du Conseil d\u2019Administration de la Soci\u00e9t\u00e9 de Production et de Transport (SPT) Groupe SOMELEC.<\/p>\n<p>\u2010 Projet de d\u00e9cret portant nomination du Pr\u00e9sident du Conseil d\u2019Administration de l\u2019Institut Mauritanien de Recherches Oc\u00e9anographiques et des P\u00eaches. (IMROP).<\/p>\n<p>\u2010 Projet de d\u00e9cret portant nomination des membres du Conseil d\u2019Administration de la Soci\u00e9t\u00e9 Nationale de Distribution de Poisson (SNDP).<\/p>\n<p>Abordant les r\u00e9sultats de la visite de travail effectu\u00e9e par SEM le Pr\u00e9sident de la R\u00e9publique le dimanche et le lundi, 21 et 22 avril 2024, \u00e0 Nouadhibou, Wilaya de Dakhlet-Nouadhibou, le Conseil des Ministres adresse ses remerciements et ses vives f\u00e9licitations aux populations de cette wilaya en g\u00e9n\u00e9ral et celles de Nouadhibou en particulier, pour la grande mobilisation et la chaleur de l\u2019accueil r\u00e9serv\u00e9 \u00e0 SEM le Pr\u00e9sident de la R\u00e9publique et \u00e0 son Gouvernement qui l\u2019a accompagn\u00e9.<\/p>\n<p>Une visite au cours de laquelle un Conseil des ministres d\u00e9localis\u00e9 s\u2019est tenu \u00e0 Nouadhibou.<\/p>\n<p>A l\u2019issue de ce Conseil, d\u2019importantes mesures ont \u00e9t\u00e9 prises pour la relance du secteur des P\u00eaches, d\u2019une part et la r\u00e9solution des probl\u00e8mes socio-\u00e9conomiques des populations notamment dans les domaines de l\u2019eau, l\u2019\u00e9nergie, les transports, la sant\u00e9 et l\u2019\u00e9ducation.<\/p>\n<p>Le Ministre Secr\u00e9taire G\u00e9n\u00e9ral de la Pr\u00e9sidence de la R\u00e9publique, le Ministre du P\u00e9trole, des Mines et de l\u2019Energie, le Ministre de l\u2019Equipement et des Transports et le Ministre de l\u2019Hydraulique et de l\u2019Assainissement ont pr\u00e9sent\u00e9 chacun une communication verbale, relative aux activit\u00e9s de leurs secteurs dans la Wilaya de Nouadhibou. Les communications ont eu trait \u00e0 l\u2019extension du Port Autonome de Nouadhibou, \u00e0 l\u2019alimentation en \u00e9lectricit\u00e9 et en eau potable de la ville et \u00e0 l\u2019avancement de la r\u00e9habilitation de l\u2019a\u00e9roport, de la route Nouadhibou-Nouakchott et de la voirie Urbaine de la ville.<\/p>\n<p>A la fin de ces communications, SEM le Pr\u00e9sident de la R\u00e9publique a donn\u00e9 les instructions aux ministres concern\u00e9s de rester \u00e0 Nouadhibou, en vue de pr\u00e9parer sous la supervision du Ministre Secr\u00e9taire G\u00e9n\u00e9ral de la Pr\u00e9sidence de la R\u00e9publique, un plan d\u2019action motiv\u00e9 et assign\u00e9 de d\u00e9lai contraignant qui permettrait de finaliser et ou d\u00e9marrer rapidement ces projets structurants dans les meilleurs d\u00e9lais et cela en concertation avec les acteurs locaux.<\/p>\n<p>Le Ministre de l\u2019Int\u00e9rieur et de la D\u00e9centralisation a pr\u00e9sent\u00e9 une communication relative \u00e0 la situation int\u00e9rieure centr\u00e9e sur les probl\u00e8mes socio-\u00e9conomiques de la Wilaya de Nouadhibou.<\/p>\n<p>Le Ministre des P\u00eaches et de l\u2019Economie Maritime a pr\u00e9sent\u00e9 une communication relative \u00e0 la feuille de route sur la relance du secteur des p\u00eaches et de l\u2019\u00e9conomie maritime.<\/p>\n<p>Cette communication a rappel\u00e9 dans un premier temps le r\u00f4le important que joue le secteur des p\u00eaches dans l\u2019\u00e9conomie de notre pays, avant d\u2019informer le Gouvernement de l\u2019objectif vis\u00e9 par la feuille de route sur la relance du secteur des p\u00eaches et de l\u2019\u00e9conomie maritime, pour concilier l\u2019obligation d\u2019assurer la durabilit\u00e9 de nos ressources halieutiques, et l\u2019int\u00e9r\u00eat de les exploiter et de les valoriser pour une meilleure int\u00e9gration du secteur \u00e0 l\u2019\u00e9conomie nationale, qui constitue une priorit\u00e9 du Gouvernement.<\/p>\n<p>Des recommandations ont \u00e9t\u00e9 formul\u00e9es au profit de chacun des cinq (5) axes autour desquels s\u2019articule la feuille de route, qui sont :<\/p>\n<p>\u2010 Gestion durable des p\u00eaches maritimes et des \u00e9cosyst\u00e8mes marins et c\u00f4tiers ;<\/p>\n<p>\u2010 Chaines de valeurs ;<\/p>\n<p>\u2010 Affaires Maritimes ;<\/p>\n<p>\u2010 P\u00eache et pisciculture continentales ; et<\/p>\n<p>\u2010 Gouvernance du secteur des p\u00eaches et de l\u2019\u00e9conomie maritime.<\/p>\n<p>Enfin, des mesures techniques, \u00e0 court terme, ont \u00e9t\u00e9 propos\u00e9es pour la relance du secteur, portant en particulier sur des mesures d\u2019am\u00e9nagement, la r\u00e9vision du zonage, l\u2019arr\u00eat biologique, la promotion de l\u2019emploi et des mesures \u00e0 caract\u00e8re fiscal.<\/p>\n<p>Le Ministre D\u00e9l\u00e9gu\u00e9 aupr\u00e8s du Ministre des Affaires \u00c9trang\u00e8res, de la Coop\u00e9ration et des Mauritaniens de l\u2019Ext\u00e9rieur, charg\u00e9 des Mauritaniens de l\u2019Ext\u00e9rieur a pr\u00e9sent\u00e9 une communication relative \u00e0 la situation internationale.<\/p>\n<p>Ami<\/p>\n","protected":false},"excerpt":{"rendered":"<p>Le Conseil des Ministres s\u2019est r\u00e9uni le lundi 22 avril 2024 \u00e0 Nouadhibou, sous la Pr\u00e9sidence de Son Excellence Monsieur le Pr\u00e9sident de la R\u00e9publique, Mohamed Ould Cheikh El Ghazouani. Le Conseil a examin\u00e9 et adopt\u00e9 les projets de d\u00e9crets suivants : \u2010 Projet de d\u00e9cret portant cr\u00e9ation du Programme TEKAVOUL. Le Programme Takavoul, qui &hellip;<\/p>\n","protected":false},"author":2,"featured_media":9415,"comment_status":"open","ping_status":"open","sticky":false,"template":"","format":"standard","meta":{"footnotes":""},"categories":[18,2],"tags":[],"class_list":["post-9414","post","type-post","status-publish","format-standard","has-post-thumbnail","hentry","category-actualites","category-economie"],"_links":{"self":[{"href":"https:\/\/ladepeche.mr\/index.php?rest_route=\/wp\/v2\/posts\/9414","targetHints":{"allow":["GET"]}}],"collection":[{"href":"https:\/\/ladepeche.mr\/index.php?rest_route=\/wp\/v2\/posts"}],"about":[{"href":"https:\/\/ladepeche.mr\/index.php?rest_route=\/wp\/v2\/types\/post"}],"author":[{"embeddable":true,"href":"https:\/\/ladepeche.mr\/index.php?rest_route=\/wp\/v2\/users\/2"}],"replies":[{"embeddable":true,"href":"https:\/\/ladepeche.mr\/index.php?rest_route=%2Fwp%2Fv2%2Fcomments&post=9414"}],"version-history":[{"count":1,"href":"https:\/\/ladepeche.mr\/index.php?rest_route=\/wp\/v2\/posts\/9414\/revisions"}],"predecessor-version":[{"id":9416,"href":"https:\/\/ladepeche.mr\/index.php?rest_route=\/wp\/v2\/posts\/9414\/revisions\/9416"}],"wp:featuredmedia":[{"embeddable":true,"href":"https:\/\/ladepeche.mr\/index.php?rest_route=\/wp\/v2\/media\/9415"}],"wp:attachment":[{"href":"https:\/\/ladepeche.mr\/index.php?rest_route=%2Fwp%2Fv2%2Fmedia&parent=9414"}],"wp:term":[{"taxonomy":"category","embeddable":true,"href":"https:\/\/ladepeche.mr\/index.php?rest_route=%2Fwp%2Fv2%2Fcategories&post=9414"},{"taxonomy":"post_tag","embeddable":true,"href":"https:\/\/ladepeche.mr\/index.php?rest_route=%2Fwp%2Fv2%2Ftags&post=9414"}],"curies":[{"name":"wp","href":"https:\/\/api.w.org\/{rel}","templated":true}]}}