{"id":9418,"date":"2024-04-22T21:36:34","date_gmt":"2024-04-22T21:36:34","guid":{"rendered":"https:\/\/ladepeche.mr\/?p=9418"},"modified":"2024-04-22T21:36:34","modified_gmt":"2024-04-22T21:36:34","slug":"lancement-de-la-deuxieme-phase-du-projet-delimination-de-la-cecite-causee-par-la-cataracte","status":"publish","type":"post","link":"https:\/\/ladepeche.mr\/?p=9418","title":{"rendered":"Lancement de la deuxi\u00e8me phase du projet d\u2019\u00e9limination de la c\u00e9cit\u00e9 caus\u00e9e par la cataracte"},"content":{"rendered":"<p>Le secr\u00e9taire g\u00e9n\u00e9ral du minist\u00e8re de la sant\u00e9, M. Mohamed Lemine Ould Mohamed El Hadj, a supervis\u00e9, lundi \u00e0 Nouakchott, le lancement de la deuxi\u00e8me phase du projet d\u2019\u00e9limination de la c\u00e9cit\u00e9 caus\u00e9e par la cataracte.<\/p>\n<p>Le projet, mis en \u0153uvre dans le cadre de la collaboration entre le minist\u00e8re de la Sant\u00e9 et le GX chinois, vise \u00e0 r\u00e9aliser jusqu\u2019\u00e0 3.000 op\u00e9rations chirurgicales au profit des patients oculaires.<\/p>\n<p>Au cours de la premi\u00e8re phase du projet, pr\u00e8s de 1 000 op\u00e9rations gratuites de la cataracte ont \u00e9t\u00e9 r\u00e9alis\u00e9es, permettant aux b\u00e9n\u00e9ficiaires de recouvrer la vue.<\/p>\n<p>Le secr\u00e9taire g\u00e9n\u00e9ral et la d\u00e9l\u00e9gation qui l\u2019accompagne ont visit\u00e9 les salles d\u00e9di\u00e9es \u00e0 l\u2019accueil et au traitement des patients, o\u00f9 ils ont \u00e9t\u00e9 inform\u00e9s de l\u2019\u00e9tat d\u2019avancement de la deuxi\u00e8me phase de ce projet, \u00e9coutant des explications sur les m\u00e9thodes scientifiques utilis\u00e9es pour r\u00e9aliser les op\u00e9rations de mani\u00e8re appropri\u00e9e.<\/p>\n<p>Cet important projet s\u2019inscrit dans le cadre de l\u2019excellente coop\u00e9ration bilat\u00e9rale entre la Mauritanie et la R\u00e9publique populaire de Chine, qui englobe divers domaines vitaux dans le pays en g\u00e9n\u00e9ral, et dans le domaine de la sant\u00e9, en particulier.<\/p>\n<p>Dans une d\u00e9claration \u00e0 l\u2019Agence Mauritanienne d\u2019Information, Mme Toutou Mahfoudh, technicienne sup\u00e9rieure en ophtalmologie, a indiqu\u00e9 que le nombre moyen d\u2019op\u00e9rations effectu\u00e9es par la mission par jour, a atteint 50, soulignant que le nombre de citoyens profitant des services de ce projet ne cesse d\u2019augmenter.<\/p>\n<p>De son c\u00f4t\u00e9, Zeinebou Mohamed Lemine, directrice g\u00e9n\u00e9rale de l\u2019h\u00f4pital de l\u2019amiti\u00e9, a indiqu\u00e9 que l\u2019h\u00f4pital fournit toutes les installations n\u00e9cessaires pour cr\u00e9er une atmosph\u00e8re favorable permettant \u00e0 la mission d\u2019effectuer son travail dans des conditions appropri\u00e9es.<\/p>\n<p>Elle a ajout\u00e9 que la mission s\u2019adresse principalement aux personnes \u00e2g\u00e9es de 65 ans et plus, indiquant que la liste des personnes inscrites pour b\u00e9n\u00e9ficier des services de la mission a atteint 475 personnes, 51 personnes \u00e9tant programm\u00e9es aujourd\u2019hui.<\/p>\n<p>Le secr\u00e9taire g\u00e9n\u00e9ral du minist\u00e8re de la sant\u00e9 \u00e9tait accompagn\u00e9, au cours de cette visite, du charg\u00e9 d\u2019affaires Cheikh Baye M\u2019kheitrat, le directeur de l\u2019h\u00f4pital de l\u2019amiti\u00e9, au c\u00f4t\u00e9 de plusieurs cadres du minist\u00e8re de la Sant\u00e9.<\/p>\n<p>Ami<\/p>\n","protected":false},"excerpt":{"rendered":"<p>Le secr\u00e9taire g\u00e9n\u00e9ral du minist\u00e8re de la sant\u00e9, M. Mohamed Lemine Ould Mohamed El Hadj, a supervis\u00e9, lundi \u00e0 Nouakchott, le lancement de la deuxi\u00e8me phase du projet d\u2019\u00e9limination de la c\u00e9cit\u00e9 caus\u00e9e par la cataracte. Le projet, mis en \u0153uvre dans le cadre de la collaboration entre le minist\u00e8re de la Sant\u00e9 et le &hellip;<\/p>\n","protected":false},"author":2,"featured_media":9419,"comment_status":"open","ping_status":"open","sticky":false,"template":"","format":"standard","meta":{"footnotes":""},"categories":[18,27],"tags":[],"class_list":["post-9418","post","type-post","status-publish","format-standard","has-post-thumbnail","hentry","category-actualites","category-sante"],"_links":{"self":[{"href":"https:\/\/ladepeche.mr\/index.php?rest_route=\/wp\/v2\/posts\/9418","targetHints":{"allow":["GET"]}}],"collection":[{"href":"https:\/\/ladepeche.mr\/index.php?rest_route=\/wp\/v2\/posts"}],"about":[{"href":"https:\/\/ladepeche.mr\/index.php?rest_route=\/wp\/v2\/types\/post"}],"author":[{"embeddable":true,"href":"https:\/\/ladepeche.mr\/index.php?rest_route=\/wp\/v2\/users\/2"}],"replies":[{"embeddable":true,"href":"https:\/\/ladepeche.mr\/index.php?rest_route=%2Fwp%2Fv2%2Fcomments&post=9418"}],"version-history":[{"count":1,"href":"https:\/\/ladepeche.mr\/index.php?rest_route=\/wp\/v2\/posts\/9418\/revisions"}],"predecessor-version":[{"id":9420,"href":"https:\/\/ladepeche.mr\/index.php?rest_route=\/wp\/v2\/posts\/9418\/revisions\/9420"}],"wp:featuredmedia":[{"embeddable":true,"href":"https:\/\/ladepeche.mr\/index.php?rest_route=\/wp\/v2\/media\/9419"}],"wp:attachment":[{"href":"https:\/\/ladepeche.mr\/index.php?rest_route=%2Fwp%2Fv2%2Fmedia&parent=9418"}],"wp:term":[{"taxonomy":"category","embeddable":true,"href":"https:\/\/ladepeche.mr\/index.php?rest_route=%2Fwp%2Fv2%2Fcategories&post=9418"},{"taxonomy":"post_tag","embeddable":true,"href":"https:\/\/ladepeche.mr\/index.php?rest_route=%2Fwp%2Fv2%2Ftags&post=9418"}],"curies":[{"name":"wp","href":"https:\/\/api.w.org\/{rel}","templated":true}]}}