{"id":9421,"date":"2024-04-22T21:45:41","date_gmt":"2024-04-22T21:45:41","guid":{"rendered":"https:\/\/ladepeche.mr\/?p=9421"},"modified":"2024-04-22T21:45:41","modified_gmt":"2024-04-22T21:45:41","slug":"senegal-diomaye-faye-rapatrie-ses-reserves-dor-des-etats-unis-grosse-colere-de-ladministration-de-joe-biden","status":"publish","type":"post","link":"https:\/\/ladepeche.mr\/?p=9421","title":{"rendered":"S\u00e9n\u00e9gal : Diomaye Faye rapatrie ses r\u00e9serves d\u2019or des \u00c9tats-Unis, grosse col\u00e8re de l\u2019administration de Joe Biden"},"content":{"rendered":"<p><strong>Pr\u00e9venir vaut mieux que gu\u00e9rir. Dans cette perspective, le gouvernement du S\u00e9n\u00e9gal dirig\u00e9 par Bassirou Diomaye Faye a pris une d\u00e9cision inattendue.<\/strong><\/p>\n<p>Il a entam\u00e9 le rapatriement de ses r\u00e9serves d\u2019or des \u00c9tats-Unis.<\/p>\n<p>La d\u00e9cision du S\u00e9n\u00e9gal intervient dans un contexte d\u2019inqui\u00e9tudes grandissantes autour de l\u2019\u00e9conomie am\u00e9ricaine.<\/p>\n<p>Face \u00e0 des niveaux d\u2019endettement en hausse, la volatilit\u00e9 des march\u00e9s et des pressions inflationnistes, le S\u00e9n\u00e9gal semble prendre des mesures proactives pour prot\u00e9ger ses actifs financiers.<\/p>\n<p>Bien que cette initiative ait suscit\u00e9 des d\u00e9bats parmi les analystes financiers, le S\u00e9n\u00e9gal reste ferme dans sa r\u00e9solution.<\/p>\n<p>Malgr\u00e9 les d\u00e9fis logistiques potentiels associ\u00e9s au rapatriement des r\u00e9serves d\u2019or, les autorit\u00e9s s\u00e9n\u00e9galaises soulignent l\u2019importance de s\u00e9curiser la richesse nationale \u00e0 la lumi\u00e8re des conditions \u00e9conomiques \u00e9volutives.<\/p>\n<p>La d\u00e9cision de Bassirou Diomaye Faye souligne l\u2019engagement du S\u00e9n\u00e9gal \u00e0 prot\u00e9ger ses int\u00e9r\u00eats financiers et \u00e0 assurer la stabilit\u00e9 de ses actifs dans un environnement \u00e9conomique de plus en plus incertain.<\/p>\n<p>En prenant des mesures pr\u00e9ventives pour att\u00e9nuer les risques, le S\u00e9n\u00e9gal cherche \u00e0 naviguer dans les complexit\u00e9s du paysage \u00e9conomique mondial avec prudence et pr\u00e9voyance.<\/p>\n<p>Le geste du S\u00e9n\u00e9gal illustre une tendance plus large des nations \u00e0 r\u00e9\u00e9valuer leurs strat\u00e9gies financi\u00e8res pour prot\u00e9ger leur richesse en des temps incertains<\/p>\n<p>Alors que le retrait des r\u00e9serves d\u2019or du S\u00e9n\u00e9gal se d\u00e9roule, il suscite des r\u00e9flexions plus larges sur les implications pour la finance internationale.<\/p>\n<p>Ce mouvement rappelle l\u2019importance de diversifier les placements financiers et de s\u2019adapter aux r\u00e9alit\u00e9s \u00e9conomiques changeantes dans un monde interconnect\u00e9.<\/p>\n<p>En conclusion, la d\u00e9cision du S\u00e9n\u00e9gal dirig\u00e9 par Diomaye Faye de rapatrier ses r\u00e9serves d\u2019or des \u00c9tats-Unis refl\u00e8te une approche strat\u00e9gique de la gestion financi\u00e8re.<\/p>\n<p><strong>Source: https:\/\/yop.l-frii.com\/ via maliweb<\/strong><\/p>\n","protected":false},"excerpt":{"rendered":"<p>Pr\u00e9venir vaut mieux que gu\u00e9rir. Dans cette perspective, le gouvernement du S\u00e9n\u00e9gal dirig\u00e9 par Bassirou Diomaye Faye a pris une d\u00e9cision inattendue. Il a entam\u00e9 le rapatriement de ses r\u00e9serves d\u2019or des \u00c9tats-Unis. La d\u00e9cision du S\u00e9n\u00e9gal intervient dans un contexte d\u2019inqui\u00e9tudes grandissantes autour de l\u2019\u00e9conomie am\u00e9ricaine. Face \u00e0 des niveaux d\u2019endettement en hausse, la &hellip;<\/p>\n","protected":false},"author":2,"featured_media":9422,"comment_status":"open","ping_status":"open","sticky":false,"template":"","format":"standard","meta":{"footnotes":""},"categories":[18,29],"tags":[],"class_list":["post-9421","post","type-post","status-publish","format-standard","has-post-thumbnail","hentry","category-actualites","category-monde"],"_links":{"self":[{"href":"https:\/\/ladepeche.mr\/index.php?rest_route=\/wp\/v2\/posts\/9421","targetHints":{"allow":["GET"]}}],"collection":[{"href":"https:\/\/ladepeche.mr\/index.php?rest_route=\/wp\/v2\/posts"}],"about":[{"href":"https:\/\/ladepeche.mr\/index.php?rest_route=\/wp\/v2\/types\/post"}],"author":[{"embeddable":true,"href":"https:\/\/ladepeche.mr\/index.php?rest_route=\/wp\/v2\/users\/2"}],"replies":[{"embeddable":true,"href":"https:\/\/ladepeche.mr\/index.php?rest_route=%2Fwp%2Fv2%2Fcomments&post=9421"}],"version-history":[{"count":1,"href":"https:\/\/ladepeche.mr\/index.php?rest_route=\/wp\/v2\/posts\/9421\/revisions"}],"predecessor-version":[{"id":9423,"href":"https:\/\/ladepeche.mr\/index.php?rest_route=\/wp\/v2\/posts\/9421\/revisions\/9423"}],"wp:featuredmedia":[{"embeddable":true,"href":"https:\/\/ladepeche.mr\/index.php?rest_route=\/wp\/v2\/media\/9422"}],"wp:attachment":[{"href":"https:\/\/ladepeche.mr\/index.php?rest_route=%2Fwp%2Fv2%2Fmedia&parent=9421"}],"wp:term":[{"taxonomy":"category","embeddable":true,"href":"https:\/\/ladepeche.mr\/index.php?rest_route=%2Fwp%2Fv2%2Fcategories&post=9421"},{"taxonomy":"post_tag","embeddable":true,"href":"https:\/\/ladepeche.mr\/index.php?rest_route=%2Fwp%2Fv2%2Ftags&post=9421"}],"curies":[{"name":"wp","href":"https:\/\/api.w.org\/{rel}","templated":true}]}}