{"id":9427,"date":"2024-04-23T15:01:11","date_gmt":"2024-04-23T15:01:11","guid":{"rendered":"https:\/\/ladepeche.mr\/?p=9427"},"modified":"2024-04-23T16:05:24","modified_gmt":"2024-04-23T16:05:24","slug":"9427","status":"publish","type":"post","link":"https:\/\/ladepeche.mr\/?p=9427","title":{"rendered":"Journ\u00e9e Mondiale de la terre: la Mauritanie identifi\u00e9e parmi les 10 pays les plus vuln\u00e9rables \u00e0 la s\u00e9cheresse"},"content":{"rendered":"<p>Pays d\u00e9sertique, la Mauritanie est d\u00e9j\u00e0 en proie \u00e0 des conditions climatiques extr\u00eames. Mais la situation risque de s\u2019aggraver avec les vagues de changements climatiques observ\u00e9es par les scientifiques. L\u2019alerte est donn\u00e9e \u00e0 l\u2019occasion de la journ\u00e9e mondiale de la terre.<\/p>\n<p>Les mauritaniens, comme beaucoup d\u2019autres africains, ne sont pas regardants sur les \u00e9v\u00e9nements climatiques. Et tous ont tort. Les avis de la communaut\u00e9 scientifique sont de plus en plus tranchants sur ces questions. Les derni\u00e8res temp\u00e9ratures en hausse, jusqu\u2019\u00e0 48\u00b0 en mars dernier, sont r\u00e9v\u00e9latrices d\u2019un changement devenu presque inexorable o\u00f9 ces changements climatiques feront de plus en plus le lit aux catastrophes naturelles comme les inondations, de grandes canicules et des s\u00e9cheresses d\u00e9vastatrices. En effet, les temp\u00e9ratures excessives enregistr\u00e9es r\u00e9cemment augureraient, \u00e0 l\u2019avenir, d\u2019une pr\u00e9cipitation d\u2019\u00e9v\u00e8nements climatiques sans pr\u00e9c\u00e9dents. Ils seront d\u00e9clin\u00e9s en catastrophes naturelles comme des inondations, des tremblements de terre et des s\u00e9cheresses graves.<\/p>\n<p>Dans ce registre macabre, notre pays pourrait faire face \u00e0 une s\u00e9cheresse tr\u00e8s grave alertent les chercheurs d\u2019Utility Bidder qui viennent, dans une r\u00e9cente \u00e9tude, de dresser un profil des pays \u00ab\u00a0les plus expos\u00e9s aux catastrophes naturelles (\u2026) aux tremblements de terre, aux cyclones, aux incendies de for\u00eat, aux inondations et \u00e0 la s\u00e9cheresse\u00a0\u00bb. Dans ce hitparade des dangers environnementaux, la Mauritanie est plac\u00e9 57<sup>\u00e8me<\/sup> pays sur la liste des plus expos\u00e9s \u00e0 la s\u00e9cheresse.<\/p>\n<p>La journ\u00e9e mondiale de la Terre d\u00e9cr\u00e9t\u00e9e par les nations unies depuis 2009 est presque pass\u00e9e inaper\u00e7ue dans notre pays qui fait pourtant office, avec d\u2019autres de la r\u00e9gion ouest-africaines, d\u2019un des pays probablement les plus concern\u00e9s par l\u2019impact des changements climatiques. L\u2019\u00e9v\u00e9nement mondial se tient chaque ann\u00e9e le 22 avril pour rappeler l\u2019urgence de la protection de l&#8217;environnement.\u00a0Mais tout le monde ne semble pas encore prendre conscience des dangers qui planent sur notre pays, dangereusement expos\u00e9 au r\u00e9veil brutal de la Nature. Tous les bilans climatiques invitent pourtant \u00e0 l\u2019\u00e9veil et \u00e0 la prise de conscience des d\u00e9fis qui s\u2019annoncent.<\/p>\n<p>JD<\/p>\n","protected":false},"excerpt":{"rendered":"<p>Pays d\u00e9sertique, la Mauritanie est d\u00e9j\u00e0 en proie \u00e0 des conditions climatiques extr\u00eames. Mais la situation risque de s\u2019aggraver avec les vagues de changements climatiques observ\u00e9es par les scientifiques. L\u2019alerte est donn\u00e9e \u00e0 l\u2019occasion de la journ\u00e9e mondiale de la terre. Les mauritaniens, comme beaucoup d\u2019autres africains, ne sont pas regardants sur les \u00e9v\u00e9nements climatiques. &hellip;<\/p>\n","protected":false},"author":2,"featured_media":9428,"comment_status":"open","ping_status":"open","sticky":false,"template":"","format":"standard","meta":{"footnotes":""},"categories":[18],"tags":[],"class_list":["post-9427","post","type-post","status-publish","format-standard","has-post-thumbnail","hentry","category-actualites"],"_links":{"self":[{"href":"https:\/\/ladepeche.mr\/index.php?rest_route=\/wp\/v2\/posts\/9427","targetHints":{"allow":["GET"]}}],"collection":[{"href":"https:\/\/ladepeche.mr\/index.php?rest_route=\/wp\/v2\/posts"}],"about":[{"href":"https:\/\/ladepeche.mr\/index.php?rest_route=\/wp\/v2\/types\/post"}],"author":[{"embeddable":true,"href":"https:\/\/ladepeche.mr\/index.php?rest_route=\/wp\/v2\/users\/2"}],"replies":[{"embeddable":true,"href":"https:\/\/ladepeche.mr\/index.php?rest_route=%2Fwp%2Fv2%2Fcomments&post=9427"}],"version-history":[{"count":4,"href":"https:\/\/ladepeche.mr\/index.php?rest_route=\/wp\/v2\/posts\/9427\/revisions"}],"predecessor-version":[{"id":9441,"href":"https:\/\/ladepeche.mr\/index.php?rest_route=\/wp\/v2\/posts\/9427\/revisions\/9441"}],"wp:featuredmedia":[{"embeddable":true,"href":"https:\/\/ladepeche.mr\/index.php?rest_route=\/wp\/v2\/media\/9428"}],"wp:attachment":[{"href":"https:\/\/ladepeche.mr\/index.php?rest_route=%2Fwp%2Fv2%2Fmedia&parent=9427"}],"wp:term":[{"taxonomy":"category","embeddable":true,"href":"https:\/\/ladepeche.mr\/index.php?rest_route=%2Fwp%2Fv2%2Fcategories&post=9427"},{"taxonomy":"post_tag","embeddable":true,"href":"https:\/\/ladepeche.mr\/index.php?rest_route=%2Fwp%2Fv2%2Ftags&post=9427"}],"curies":[{"name":"wp","href":"https:\/\/api.w.org\/{rel}","templated":true}]}}