{"id":9436,"date":"2024-04-23T15:50:33","date_gmt":"2024-04-23T15:50:33","guid":{"rendered":"https:\/\/ladepeche.mr\/?p=9436"},"modified":"2024-04-23T15:51:29","modified_gmt":"2024-04-23T15:51:29","slug":"1er-forum-mauritano-allemand-de-haut-niveau-sur-lhydrogene-vert","status":"publish","type":"post","link":"https:\/\/ladepeche.mr\/?p=9436","title":{"rendered":"1er forum mauritano-allemand de haut niveau sur l\u2019hydrog\u00e8ne vert"},"content":{"rendered":"<p class=\"has-medium-font-size\">Nouakchott, le 23 avril 2024 \u2013 Les travaux du 1<sup>er<\/sup>\u00a0forum de haut niveau mauritano-allemand sur l\u2019hydrog\u00e8ne vert, , ont d\u00e9but\u00e9, aujourd\u2019hui au Palais des congr\u00e8s de Nouakchott, en pr\u00e9sence de Son Excellence M. Abdesselam MOHAMED SALEH, ministre de l\u2019\u00e9conomie et du d\u00e9veloppement durable avec la participation du secr\u00e9taire g\u00e9n\u00e9ral du minist\u00e8re du P\u00e9trole, des Mines et de l\u2019\u00c9nergie, M. Ahmed Salem Ould BOUHEDA, de l\u2019ambassadeur de l\u2019Union europ\u00e9enne, de l\u2019ambassadrice d\u2019Allemagne, du pr\u00e9sident de l\u2019Union \u00a0du Patronat Mauritanien et de l\u2019ambassadeur accr\u00e9dit\u00e9 de notre pays aupr\u00e8s de la R\u00e9publique F\u00e9d\u00e9rale d\u2019Allemagne.<\/p>\n<p class=\"has-medium-font-size\">Le forum, qui est organis\u00e9 par la coop\u00e9ration allemande GIZ, en \u00e9troite collaboration avec l\u2019ambassade d\u2019Allemagne et le minist\u00e8re du P\u00e9trole, des Mines et de l\u2019\u00c9nergie, sous le th\u00e8me\u00a0 \u00abExploiter le potentiel de l\u2019hydrog\u00e8ne vert en Mauritanie \u00bb s\u2019inscrit dans le cadre de l\u2019initiative \u00abH2-Diplo \u2013 Decarbonization Diplomacy \u00bb relevant du minist\u00e8re allemand des Affaires \u00e9trang\u00e8res.<\/p>\n<p class=\"has-medium-font-size\">Lors de la s\u00e9ance d\u2019ouverture, les participants ont convenu \u00e0 l\u2019unanimit\u00e9 de la position de leader de la Mauritanie en mati\u00e8re du potentiel en hydrog\u00e8ne et ont soulign\u00e9 que l\u2019Allemagne pr\u00e9pare actuellement une strat\u00e9gie globale d\u2019importation d\u2019hydrog\u00e8ne, la Mauritanie occupant une position de premier plan en tant que l\u2019un des plus importants producteurs d\u2019hydrog\u00e8ne \u00e0 l\u2019avenir en raison \u00e0 ses avantages pr\u00e9f\u00e9rentiels qui en font un partenaire privil\u00e9gi\u00e9 de l\u2019Allemagne et de l\u2019Union europ\u00e9enne.<\/p>\n<p class=\"has-medium-font-size\">Plusieurs questions ont \u00e9t\u00e9 examin\u00e9es par le participants, notamment l\u2019am\u00e9lioration de la compr\u00e9hension du processus politique et des cadres r\u00e9glementaires n\u00e9cessaires pour tirer parti de la dynamique de l\u2019hydrog\u00e8ne vert en Mauritanie, l\u2019acc\u00e9l\u00e9ration des investissements, le d\u00e9veloppement de m\u00e9canismes de financement innovants et d\u2019accords d\u2019achat pour les projets d\u2019hydrog\u00e8ne vert, le renforcement des infrastructures \u00e9nerg\u00e9tiques, ou encore la cr\u00e9ation \u00a0des partenariats internationaux afin de r\u00e9aliser des avantages sociaux et \u00e9conomiques \u00e9quitables et durables d\u2019une \u00e9conomie de l\u2019hydrog\u00e8ne vert en Mauritanie.<\/p>\n<p class=\"has-medium-font-size\">La premi\u00e8re session du forum, intitul\u00e9e \u00ab Feuille de route nationale pour l\u2019hydrog\u00e8ne en Mauritanie \u00bb, a vu la participation du Ministre de l\u2019Economie et du D\u00e9veloppement durable, M. Abdel Salam Ould Mohamed Saleh, l\u2019Ambassadeur chef de la D\u00e9l\u00e9gation de l\u2019Union Europ\u00e9enne accr\u00e9dit\u00e9 en Mauritanie, M. Gwillyn Jones et l\u2019Ambassadrice de la R\u00e9publique f\u00e9d\u00e9rale d\u2019Allemagne en Mauritanie, Mme Isabelle H\u00e9nin.<\/p>\n<p class=\"has-medium-font-size\">Lors de la deuxi\u00e8me session du forum, l\u2019accent a \u00e9t\u00e9 mis sur le potentiel de l\u2019\u00e9conomie de l\u2019hydrog\u00e8ne vert en Mauritanie dans le contexte de la transition \u00e9nerg\u00e9tique mondiale, avec la participation de Mikaa Blugeon-Mered de Sciences Po \u00e0 Paris, du repr\u00e9sentant du Directeur g\u00e9n\u00e9ral de la Soci\u00e9t\u00e9 Nationale de l\u2019Industrie et des Mines (SNIM), Joyce Kabui de l\u2019Hydrogen Alliance African Green (AGHA), Frank Engel, Conseiller Europ\u00e9en en Hydrog\u00e8ne, Manal Al Shehabi, SHEER Research &amp; Advisory Ltd et des repr\u00e9sentants de l\u2019Universit\u00e9 d\u2019Oxford.<\/p>\n<p class=\"has-medium-font-size\">Quant \u00e0 la troisi\u00e8me session, elle traitera de \u00ab\u00a0Cr\u00e9er une infrastructure nationale pour l\u2019hydrog\u00e8ne vert et de nouvelles cha\u00eenes de valeur locales\u00a0\u00bb et a vu la participation de plusieurs acteurs du monde des affaires\u00a0; ArcelorMittal, Chariot \u00ab Noor Green Hydrogen Project \u00bb, Conseil africain de l\u2019\u00e9nergie, Bureau du programme Afrique de l\u2019AIE, Banque mondiale, SOMELEC, CWP Global.<\/p>\n<p class=\"has-medium-font-size\">La quatri\u00e8me session\u00a0: \u00ab Le Cadre r\u00e9glementaire efficace et les solutions de financement pour les projets d\u2019hydrog\u00e8ne vert en Mauritanie\u00a0\u00bb a vu la participation d\u2019acteurs des secteurs public et priv\u00e9 tels que\u00a0: Aissata Lam, directrice g\u00e9n\u00e9rale de l\u2019Agence mauritanienne de promotion des investissements (APIM), Sonia Beslika du Climate Perspectives Group, Mohamed Limam, vice-pr\u00e9sident directeur r\u00e9gional de BP, Stefan Liebing de Conjuncta, un repr\u00e9sentant de la Banque europ\u00e9enne d\u2019investissement (BEI) et M. Khroumbali Lahbib, charg\u00e9 de mission au minist\u00e8re du P\u00e9trole, des Mines et de l\u2019\u00c9nergie, responsable de la fili\u00e8re hydrog\u00e8ne.<\/p>\n<p>Source Minist\u00e8re du P\u00e9trole, des Mines et de l&#8217;Energie<\/p>\n","protected":false},"excerpt":{"rendered":"<p>Nouakchott, le 23 avril 2024 \u2013 Les travaux du 1er\u00a0forum de haut niveau mauritano-allemand sur l\u2019hydrog\u00e8ne vert, , ont d\u00e9but\u00e9, aujourd\u2019hui au Palais des congr\u00e8s de Nouakchott, en pr\u00e9sence de Son Excellence M. Abdesselam MOHAMED SALEH, ministre de l\u2019\u00e9conomie et du d\u00e9veloppement durable avec la participation du secr\u00e9taire g\u00e9n\u00e9ral du minist\u00e8re du P\u00e9trole, des Mines &hellip;<\/p>\n","protected":false},"author":2,"featured_media":9437,"comment_status":"open","ping_status":"open","sticky":false,"template":"","format":"standard","meta":{"footnotes":""},"categories":[18,2,19],"tags":[],"class_list":["post-9436","post","type-post","status-publish","format-standard","has-post-thumbnail","hentry","category-actualites","category-economie","category-tribune"],"_links":{"self":[{"href":"https:\/\/ladepeche.mr\/index.php?rest_route=\/wp\/v2\/posts\/9436","targetHints":{"allow":["GET"]}}],"collection":[{"href":"https:\/\/ladepeche.mr\/index.php?rest_route=\/wp\/v2\/posts"}],"about":[{"href":"https:\/\/ladepeche.mr\/index.php?rest_route=\/wp\/v2\/types\/post"}],"author":[{"embeddable":true,"href":"https:\/\/ladepeche.mr\/index.php?rest_route=\/wp\/v2\/users\/2"}],"replies":[{"embeddable":true,"href":"https:\/\/ladepeche.mr\/index.php?rest_route=%2Fwp%2Fv2%2Fcomments&post=9436"}],"version-history":[{"count":1,"href":"https:\/\/ladepeche.mr\/index.php?rest_route=\/wp\/v2\/posts\/9436\/revisions"}],"predecessor-version":[{"id":9438,"href":"https:\/\/ladepeche.mr\/index.php?rest_route=\/wp\/v2\/posts\/9436\/revisions\/9438"}],"wp:featuredmedia":[{"embeddable":true,"href":"https:\/\/ladepeche.mr\/index.php?rest_route=\/wp\/v2\/media\/9437"}],"wp:attachment":[{"href":"https:\/\/ladepeche.mr\/index.php?rest_route=%2Fwp%2Fv2%2Fmedia&parent=9436"}],"wp:term":[{"taxonomy":"category","embeddable":true,"href":"https:\/\/ladepeche.mr\/index.php?rest_route=%2Fwp%2Fv2%2Fcategories&post=9436"},{"taxonomy":"post_tag","embeddable":true,"href":"https:\/\/ladepeche.mr\/index.php?rest_route=%2Fwp%2Fv2%2Ftags&post=9436"}],"curies":[{"name":"wp","href":"https:\/\/api.w.org\/{rel}","templated":true}]}}