{"id":9458,"date":"2024-04-24T22:13:29","date_gmt":"2024-04-24T22:13:29","guid":{"rendered":"https:\/\/ladepeche.mr\/?p=9458"},"modified":"2024-04-24T22:31:06","modified_gmt":"2024-04-24T22:31:06","slug":"la-sierra-leone-exprime-son-plein-soutien-a-lintegrite-territoriale-du-maroc-et-considere-linitiative-dautonomie-comme-la-seule-solution-credible-serieuse-et-realiste-a-ce-differend-commun","status":"publish","type":"post","link":"https:\/\/ladepeche.mr\/?p=9458","title":{"rendered":"La Sierra Leone exprime son plein soutien \u00e0 l&#8217;int\u00e9grit\u00e9 territoriale du Maroc et consid\u00e8re l&#8217;Initiative d&#8217;autonomie comme la seule solution &#8220;cr\u00e9dible, s\u00e9rieuse et r\u00e9aliste&#8221; \u00e0 ce diff\u00e9rend (Communiqu\u00e9 conjoint)"},"content":{"rendered":"<p style=\"text-align: left;\">Rabat &#8211; La R\u00e9publique de la Sierra Leone a exprim\u00e9, mardi \u00e0 Rabat, son plein soutien \u00e0 l&#8217;int\u00e9grit\u00e9 territoriale du Royaume, tout en consid\u00e9rant l&#8217;Initiative marocaine d&#8217;autonomie comme la seule solution &#8220;cr\u00e9dible, s\u00e9rieuse et r\u00e9aliste&#8221; au diff\u00e9rend autour du Sahara marocain.<\/p>\n<p>Cette position a \u00e9t\u00e9 exprim\u00e9e dans un Communiqu\u00e9 conjoint publi\u00e9 \u00e0 l&#8217;issue des entretiens entre le ministre des Affaires \u00e9trang\u00e8res, de la Coop\u00e9ration africaine et des Marocains r\u00e9sidant \u00e0 l&#8217;\u00e9tranger, Nasser Bourita, et le ministre des Affaires \u00e9trang\u00e8res et de la Coop\u00e9ration internationale Sierra-L\u00e9onais, Timothy Musa Kabba.<\/p>\n<p>Dans Ce communiqu\u00e9 conjoint, le chef de la diplomatie sierra-l\u00e9onaise a r\u00e9it\u00e9r\u00e9 le soutien ferme de son pays \u00e0 l&#8217;int\u00e9grit\u00e9 territoriale du Royaume, qui a \u00e9t\u00e9 confort\u00e9 par l\u2019ouverture, en ao\u00fbt 2021, d\u2019un Consulat g\u00e9n\u00e9ral de la Sierra Leone \u00e0 Dakhla et sa participation, le 15 janvier 2021, \u00e0 la Conf\u00e9rence<\/p>\n<p>minist\u00e9rielle de soutien \u00e0 l&#8217;initiative d&#8217;autonomie sous la souverainet\u00e9 du Maroc, \u00e0 l&#8217;invitation du Royaume et des Etats-Unis d&#8217;Am\u00e9rique.<\/p>\n<p>Il a, dans ce sens, exprim\u00e9 son plein appui au processus men\u00e9 par les Nations Unies pour parvenir \u00e0 une solution r\u00e9aliste, pratique et durable \u00e0 la question du Sahara marocain.<\/p>\n<p>MAP<\/p>\n","protected":false},"excerpt":{"rendered":"<p>Rabat &#8211; La R\u00e9publique de la Sierra Leone a exprim\u00e9, mardi \u00e0 Rabat, son plein soutien \u00e0 l&#8217;int\u00e9grit\u00e9 territoriale du Royaume, tout en consid\u00e9rant l&#8217;Initiative marocaine d&#8217;autonomie comme la seule solution &#8220;cr\u00e9dible, s\u00e9rieuse et r\u00e9aliste&#8221; au diff\u00e9rend autour du Sahara marocain. Cette position a \u00e9t\u00e9 exprim\u00e9e dans un Communiqu\u00e9 conjoint publi\u00e9 \u00e0 l&#8217;issue des entretiens &hellip;<\/p>\n","protected":false},"author":2,"featured_media":9461,"comment_status":"open","ping_status":"open","sticky":false,"template":"","format":"standard","meta":{"footnotes":""},"categories":[18,29],"tags":[],"class_list":["post-9458","post","type-post","status-publish","format-standard","has-post-thumbnail","hentry","category-actualites","category-monde"],"_links":{"self":[{"href":"https:\/\/ladepeche.mr\/index.php?rest_route=\/wp\/v2\/posts\/9458","targetHints":{"allow":["GET"]}}],"collection":[{"href":"https:\/\/ladepeche.mr\/index.php?rest_route=\/wp\/v2\/posts"}],"about":[{"href":"https:\/\/ladepeche.mr\/index.php?rest_route=\/wp\/v2\/types\/post"}],"author":[{"embeddable":true,"href":"https:\/\/ladepeche.mr\/index.php?rest_route=\/wp\/v2\/users\/2"}],"replies":[{"embeddable":true,"href":"https:\/\/ladepeche.mr\/index.php?rest_route=%2Fwp%2Fv2%2Fcomments&post=9458"}],"version-history":[{"count":3,"href":"https:\/\/ladepeche.mr\/index.php?rest_route=\/wp\/v2\/posts\/9458\/revisions"}],"predecessor-version":[{"id":9462,"href":"https:\/\/ladepeche.mr\/index.php?rest_route=\/wp\/v2\/posts\/9458\/revisions\/9462"}],"wp:featuredmedia":[{"embeddable":true,"href":"https:\/\/ladepeche.mr\/index.php?rest_route=\/wp\/v2\/media\/9461"}],"wp:attachment":[{"href":"https:\/\/ladepeche.mr\/index.php?rest_route=%2Fwp%2Fv2%2Fmedia&parent=9458"}],"wp:term":[{"taxonomy":"category","embeddable":true,"href":"https:\/\/ladepeche.mr\/index.php?rest_route=%2Fwp%2Fv2%2Fcategories&post=9458"},{"taxonomy":"post_tag","embeddable":true,"href":"https:\/\/ladepeche.mr\/index.php?rest_route=%2Fwp%2Fv2%2Ftags&post=9458"}],"curies":[{"name":"wp","href":"https:\/\/api.w.org\/{rel}","templated":true}]}}