{"id":9463,"date":"2024-04-25T13:20:42","date_gmt":"2024-04-25T13:20:42","guid":{"rendered":"https:\/\/ladepeche.mr\/?p=9463"},"modified":"2024-04-25T21:11:27","modified_gmt":"2024-04-25T21:11:27","slug":"politique-ghazouani-candidat-a-sa-propre-succession","status":"publish","type":"post","link":"https:\/\/ladepeche.mr\/?p=9463","title":{"rendered":"Pr\u00e9sidentielle 2024: Ghazouani candidat \u00e0 sa propre succession\u00a0!"},"content":{"rendered":"<p>Ghazouani brigue le suffrage des \u00e9lecteurs le 29 juin 2024. Il l\u2019a officiellement annonc\u00e9 dans une missive \u00e0 ses compatriotes. D\u00e9cryptage d\u2019un message, sans slogan\u00a0!<\/p>\n<p>\u00ab<em>J\u2019ai jug\u00e9 opportun de m\u2019adresser directement \u00e0 vous, chers compatriotes, \u00e0 travers cette lettre, pour vous informer de ma d\u00e9cision de me pr\u00e9senter \u00e0 vous, afin que vous me renouveliez votre confiance pour un nouveau mandat\u00a0<\/em>\u00bb, a notamment \u00e9crit le pr\u00e9sident de la R\u00e9publique sortant pour solliciter le soutien de ses compatriotes afin de l\u2019\u00e9lire le 29 juin prochain.<\/p>\n<p>Le proc\u00e9d\u00e9 est plut\u00f4t original. M\u00eame si ce n\u2019est pas, \u00e0 proprement parler, une surprise, le pr\u00e9sident, Mohamed Ould Ghazouani a lev\u00e9 le voile qui entourait sa candidature pour un second et dernier mandat \u00e0 la t\u00eate de l\u2019ex\u00e9cutif mauritanien.<\/p>\n<p>Le pr\u00e9sident sortant, \u00e9lu en 2019, dont le bilan \u00e9conomique et social est diversement appr\u00e9ci\u00e9 a, sans doute, r\u00e9ussi \u00e0 \u00e9viter, en raison du legs de son pr\u00e9d\u00e9cesseur et de l\u2019impact r\u00e9el des \u00e9v\u00e9nements internationaux, comme la Covid ou la guerre d\u2019Ukraine, une d\u00e9confiture de l\u2019Etat. Mieux, le pr\u00e9sident sortant semble avoir mis sur les rails une \u00e9conomie r\u00e9siliente et permis une marge de man\u0153uvre dans le soutien au d\u00e9veloppement que lui accordent les bailleurs gr\u00e2ce \u00e0 la confiance retrouv\u00e9e et aux r\u00e9formes idoines engag\u00e9es. Malgr\u00e9 donc un retour \u00e0 la croissance, pr\u00e9vue \u00e0 deux chiffres, mais certainement contrari\u00e9e par le recul de l\u2019exploitation des gisements gaziers du GTA, \u00e0 cause de BP, tous les signes semblent \u00eatre au vert donnant au pr\u00e9sident une plus grande latitude dans son action. Le seul b\u00e9mol dans la r\u00e9partition \u00e9quitable de cette croissance est qu\u2019elle ne r\u00e9pond pas forc\u00e9ment aux attentes d\u2019une population de plus en plus exigeante face \u00e0 une \u00abnomenklatura bien assise et souvent arrogante et d\u00e9pensi\u00e8re\u00bb qui abuse des deniers publics. Une autre question sur laquelle la politique du pr\u00e9sident a \u00e9t\u00e9 souvent \u00e9pingl\u00e9e est le d\u00e9ficit de repr\u00e9sentativit\u00e9 r\u00e9gionale dans les sph\u00e8res d\u00e9cisionnelles de son \u00e9quipe gouvernementale.<\/p>\n<blockquote class=\"wp-embedded-content\" data-secret=\"sqh10HrxY7\"><p><a href=\"https:\/\/ladepeche.mr\/?p=9370\">Convocation des \u00e9lecteurs pour l\u2019\u00e9lection du Pr\u00e9sident de la R\u00e9publique<\/a><\/p><\/blockquote>\n<p><iframe loading=\"lazy\" class=\"wp-embedded-content\" sandbox=\"allow-scripts\" security=\"restricted\" style=\"position: absolute; clip: rect(1px, 1px, 1px, 1px);\" title=\"\u00ab\u00a0Convocation des \u00e9lecteurs pour l\u2019\u00e9lection du Pr\u00e9sident de la R\u00e9publique\u00a0\u00bb &#8212; La D\u00e9p\u00eache  de Mauritanie et du Sahel\" src=\"https:\/\/ladepeche.mr\/?p=9370&#038;embed=true#?secret=tZQJfDOkkG#?secret=sqh10HrxY7\" data-secret=\"sqh10HrxY7\" width=\"500\" height=\"282\" frameborder=\"0\" marginwidth=\"0\" marginheight=\"0\" scrolling=\"no\"><\/iframe><\/p>\n<p>Une autre interrogation surgit aussi \u00e0 l\u2019\u00e9chelle des relations internationales du gouvernement. Malgr\u00e9 la profonde douleur ressentie par ses concitoyens par rapport au g\u00e9nocide perp\u00e9tr\u00e9 par Isra\u00e9l \u00e0 Gaza, le pr\u00e9sident a jusqu\u2019ici su naviguer, en condamnant les pogroms isra\u00e9liens, sans s\u2019ali\u00e9ner ses soutiens occidentaux notamment les Etats-Unis. L\u2019image de ces derniers et celle des gouvernants occidentaux, en g\u00e9n\u00e9ral, en a re\u00e7u un s\u00e9rieux coup, au sein de l\u2019opinion nationale, au moment o\u00f9 ils semblent inqui\u00e9t\u00e9s par la pr\u00e9sence russe dans la sous-r\u00e9gion du Sahel, d\u00e9j\u00e0 mis \u00e0 mort, et alors que certains de ces pays chassent les bases fran\u00e7aises, allemandes et am\u00e9ricaines de leurs territoires. Cependant, aur\u00e9ol\u00e9 par la pr\u00e9sidence tournante de l\u2019UA, le pr\u00e9sident sortant mesure aujourd\u2019hui l\u2019ampleur de la fragilit\u00e9 de nos fronti\u00e8res Est avec le Mali o\u00f9 sporadiquement sortent des exp\u00e9ditions punitives contre nos ressortissants. C\u2019est aussi un dossier \u00ab \u00e9pineux\u00bb qui devrait interpeler le pr\u00e9sident \u00e9lu au lendemain du 29 juin 2024.<\/p>\n<p>L\u2019annonce de candidature qui \u00e9tait donc dans l\u2019air conforte le sentiment que malgr\u00e9 une pl\u00e9thore de candidats, le pr\u00e9sident sortant, Mohamed Ould Ghazouani, n\u2019a pas v\u00e9ritablement d\u2019outsider pour lui faire ombrage. A moins d\u2019une surprise \u00ab\u00a0\u00e0 la s\u00e9n\u00e9galaise\u00a0\u00bb que symboliserait, seul parmi les noms d\u00e9j\u00e0 annonc\u00e9s \u00e0 la candidature, le d\u00e9put\u00e9 Biram Dah Abeid\u00a0! Le pr\u00e9sident Mohamed Ould Ghazouani, fort de son bilan et de la situation g\u00e9opolitique actuelle, devrait donc pouvoir rempiler pour un second mandat. Ce serait fort probablement au premier tour de cette \u00e9lection dont le v\u00e9ritable enjeu restera le taux de participation des mauritaniens, de plus en plus d\u00e9sabus\u00e9s par les hommes et le discours politiques.<\/p>\n<p>Aziz aura-t-il droit \u00e0 briguer les suffrages\u00a0?<\/p>\n<p>Certains cercles feraient valoir la possibilit\u00e9 pour l\u2019ancien pr\u00e9sident, toujours en prison, apr\u00e8s son proc\u00e8s pour d\u00e9tournement de deniers publics, de se pr\u00e9senter au suffrage des \u00e9lecteurs. M\u00eame si cela parait, en l\u2019\u00e9tat actuel de la situation judiciaire de l\u2019int\u00e9ress\u00e9, quelque peu saugrenu, il pourrait difficilement avoir les parrainages n\u00e9cessaires pour s\u2019infiltrer dans cette course \u00e0 la Magistrature supr\u00eame.<\/p>\n<p>La seule alternative politique, pour l\u2019ancien pr\u00e9sident dont les cercles intimes m\u00e8nent d\u00e9j\u00e0 campagne sur la toile, serait de parrainer lui-m\u00eame l\u2019un des candidats potentiels pour cette \u00e9lection qu\u2019il n\u2019est pas assur\u00e9, loin s\u2019en faut, de gagner. Alors quelles chances le pr\u00e9sident de l\u2019IRA, candidat malheureux \u00e0 la derni\u00e8re \u00e9lection, garderait-il pour le sprint final en tant que &#8220;meilleur&#8221; concurrent?<\/p>\n<p>JD<\/p>\n","protected":false},"excerpt":{"rendered":"<p>Ghazouani brigue le suffrage des \u00e9lecteurs le 29 juin 2024. Il l\u2019a officiellement annonc\u00e9 dans une missive \u00e0 ses compatriotes. D\u00e9cryptage d\u2019un message, sans slogan\u00a0! \u00abJ\u2019ai jug\u00e9 opportun de m\u2019adresser directement \u00e0 vous, chers compatriotes, \u00e0 travers cette lettre, pour vous informer de ma d\u00e9cision de me pr\u00e9senter \u00e0 vous, afin que vous me renouveliez &hellip;<\/p>\n","protected":false},"author":2,"featured_media":9464,"comment_status":"open","ping_status":"open","sticky":false,"template":"","format":"standard","meta":{"footnotes":""},"categories":[18,31],"tags":[],"class_list":["post-9463","post","type-post","status-publish","format-standard","has-post-thumbnail","hentry","category-actualites","category-politique-et-reportages"],"_links":{"self":[{"href":"https:\/\/ladepeche.mr\/index.php?rest_route=\/wp\/v2\/posts\/9463","targetHints":{"allow":["GET"]}}],"collection":[{"href":"https:\/\/ladepeche.mr\/index.php?rest_route=\/wp\/v2\/posts"}],"about":[{"href":"https:\/\/ladepeche.mr\/index.php?rest_route=\/wp\/v2\/types\/post"}],"author":[{"embeddable":true,"href":"https:\/\/ladepeche.mr\/index.php?rest_route=\/wp\/v2\/users\/2"}],"replies":[{"embeddable":true,"href":"https:\/\/ladepeche.mr\/index.php?rest_route=%2Fwp%2Fv2%2Fcomments&post=9463"}],"version-history":[{"count":8,"href":"https:\/\/ladepeche.mr\/index.php?rest_route=\/wp\/v2\/posts\/9463\/revisions"}],"predecessor-version":[{"id":9478,"href":"https:\/\/ladepeche.mr\/index.php?rest_route=\/wp\/v2\/posts\/9463\/revisions\/9478"}],"wp:featuredmedia":[{"embeddable":true,"href":"https:\/\/ladepeche.mr\/index.php?rest_route=\/wp\/v2\/media\/9464"}],"wp:attachment":[{"href":"https:\/\/ladepeche.mr\/index.php?rest_route=%2Fwp%2Fv2%2Fmedia&parent=9463"}],"wp:term":[{"taxonomy":"category","embeddable":true,"href":"https:\/\/ladepeche.mr\/index.php?rest_route=%2Fwp%2Fv2%2Fcategories&post=9463"},{"taxonomy":"post_tag","embeddable":true,"href":"https:\/\/ladepeche.mr\/index.php?rest_route=%2Fwp%2Fv2%2Ftags&post=9463"}],"curies":[{"name":"wp","href":"https:\/\/api.w.org\/{rel}","templated":true}]}}