{"id":9482,"date":"2024-04-26T18:57:15","date_gmt":"2024-04-26T18:57:15","guid":{"rendered":"https:\/\/ladepeche.mr\/?p=9482"},"modified":"2024-04-26T19:01:19","modified_gmt":"2024-04-26T19:01:19","slug":"ceremonie-dinauguration-des-travaux-damenagement-de-lecole-de-civet-dans-la-commune-de-tifonde-cive","status":"publish","type":"post","link":"https:\/\/ladepeche.mr\/?p=9482","title":{"rendered":"C\u00e9r\u00e9monie d&#8217;inauguration des travaux d&#8217;am\u00e9nagement d\u2019une \u00e9cole \u00e0 Tifond\u00e9 civ\u00e9"},"content":{"rendered":"<p class=\"p1\" style=\"text-align: left;\"><span class=\"s1\">Civet, dans la commune rurale de Tifond\u00e9 Civ\u00e9, a connu ce jeudi 25 avril 2024 un \u00e9v\u00e9nement heureux. En effet ce jour est marqu\u00e9 par la c\u00e9r\u00e9monie d\u2019inauguration des travaux du projet d\u2019am\u00e9nagement de l\u2019\u00e9cole du village. Ont particip\u00e9 \u00e0 cette c\u00e9r\u00e9monie so Excellence UCHIDA Tatsukuni, Ambassadeur extraordinaire et pl\u00e9nipotentiaire du japon en R\u00e9publique Islamique de Mauritanie et monsieur Mohamed Mahmoud Sidi, Pr\u00e9sident de l\u2019Organisation d\u2019Aide aux Enfants Malades en Situation Difficile OAEMSD.<\/span><\/p>\n<p class=\"p1\"><span class=\"s1\">Ce projet, qui vise la r\u00e9habilitation et l\u2019am\u00e9lioration de l\u2019\u00e9cole de Civet, est financ\u00e9 par le Gouvernement du Japon et rentre dans le cadre des dons aux projets locaux qui contribuent \u00e0 la s\u00e9curit\u00e9 humaine (Programme APL). Ce financement, d\u2019une enveloppe de 85 002 euros soit 3,1 millions nouvelles ouguiyas, a permis la construction de 3 nouvelles salles de classe plus une salle pour le directeur ainsi que l\u2019acquisition d\u2019\u00e9quipements scolaires. Le but du projet est d\u2019offrir de meilleures conditions aux 320 \u00e9l\u00e8ves inscrits dans cette \u00e9cole et de constituer un milieu favorable de travail pour les enseignants. <\/span><\/p>\n<p class=\"p1\"><span class=\"s1\">Cette c\u00e9r\u00e9monie a vu la participation des autorit\u00e9s administratives et de s\u00e9curit\u00e9 ainsi que les \u00e9lus de la place. Le Hakem et le Maire de Tifond\u00e9 Civ\u00e9 etaient pr\u00e9sents ainsi que le vice-pr\u00e9sident du Conseil R\u00e9gional du Gorgol et le DREN adjoint du Gorgol. Il y avait aussi des notables ainsi que les \u00e9l\u00e8ves de l\u2019\u00e9cole et leurs parents. Ce fut une c\u00e9r\u00e9monie riche en couleurs et en sons.<\/span><\/p>\n<p class=\"p1\"><span class=\"s1\">En fin de c\u00e9r\u00e9monie, son Excellence monsieur UCHIDA Tatsukuni a jou\u00e9 de la guitare pour les \u00e9l\u00e8ves et les enfants du village. Ces derniers l\u2019ont remerci\u00e9 avec des chants et des danses. La sc\u00e8ne fut tr\u00e8s \u00e9mouvante.<\/span><\/p>\n<p class=\"p1\"><span class=\"s1\">Sidi Hamada<\/span><\/p>\n","protected":false},"excerpt":{"rendered":"<p>Civet, dans la commune rurale de Tifond\u00e9 Civ\u00e9, a connu ce jeudi 25 avril 2024 un \u00e9v\u00e9nement heureux. En effet ce jour est marqu\u00e9 par la c\u00e9r\u00e9monie d\u2019inauguration des travaux du projet d\u2019am\u00e9nagement de l\u2019\u00e9cole du village. Ont particip\u00e9 \u00e0 cette c\u00e9r\u00e9monie so Excellence UCHIDA Tatsukuni, Ambassadeur extraordinaire et pl\u00e9nipotentiaire du japon en R\u00e9publique Islamique &hellip;<\/p>\n","protected":false},"author":2,"featured_media":9483,"comment_status":"open","ping_status":"open","sticky":false,"template":"","format":"standard","meta":{"footnotes":""},"categories":[18,19],"tags":[],"class_list":["post-9482","post","type-post","status-publish","format-standard","has-post-thumbnail","hentry","category-actualites","category-tribune"],"_links":{"self":[{"href":"https:\/\/ladepeche.mr\/index.php?rest_route=\/wp\/v2\/posts\/9482","targetHints":{"allow":["GET"]}}],"collection":[{"href":"https:\/\/ladepeche.mr\/index.php?rest_route=\/wp\/v2\/posts"}],"about":[{"href":"https:\/\/ladepeche.mr\/index.php?rest_route=\/wp\/v2\/types\/post"}],"author":[{"embeddable":true,"href":"https:\/\/ladepeche.mr\/index.php?rest_route=\/wp\/v2\/users\/2"}],"replies":[{"embeddable":true,"href":"https:\/\/ladepeche.mr\/index.php?rest_route=%2Fwp%2Fv2%2Fcomments&post=9482"}],"version-history":[{"count":4,"href":"https:\/\/ladepeche.mr\/index.php?rest_route=\/wp\/v2\/posts\/9482\/revisions"}],"predecessor-version":[{"id":9487,"href":"https:\/\/ladepeche.mr\/index.php?rest_route=\/wp\/v2\/posts\/9482\/revisions\/9487"}],"wp:featuredmedia":[{"embeddable":true,"href":"https:\/\/ladepeche.mr\/index.php?rest_route=\/wp\/v2\/media\/9483"}],"wp:attachment":[{"href":"https:\/\/ladepeche.mr\/index.php?rest_route=%2Fwp%2Fv2%2Fmedia&parent=9482"}],"wp:term":[{"taxonomy":"category","embeddable":true,"href":"https:\/\/ladepeche.mr\/index.php?rest_route=%2Fwp%2Fv2%2Fcategories&post=9482"},{"taxonomy":"post_tag","embeddable":true,"href":"https:\/\/ladepeche.mr\/index.php?rest_route=%2Fwp%2Fv2%2Ftags&post=9482"}],"curies":[{"name":"wp","href":"https:\/\/api.w.org\/{rel}","templated":true}]}}