{"id":9489,"date":"2024-04-26T21:06:30","date_gmt":"2024-04-26T21:06:30","guid":{"rendered":"https:\/\/ladepeche.mr\/?p=9489"},"modified":"2024-04-26T21:07:31","modified_gmt":"2024-04-26T21:07:31","slug":"atelier-devaluation-du-projet-agri-accelerateur-2-0-pour-un-investissement-agricole-responsable","status":"publish","type":"post","link":"https:\/\/ladepeche.mr\/?p=9489","title":{"rendered":"Atelier d&#8217;\u00e9valuation du Projet \u00abAgri-acc\u00e9l\u00e9rateur 2.0 pour un investissement agricole responsable \u00bb"},"content":{"rendered":"<div>Les travaux d&#8217;un atelier d&#8217;\u00e9valuation \u00a0du projet \u00ab Agri-acc\u00e9l\u00e9rateur 2.0 pour un investissement agricole responsable \u00bb ont d\u00e9but\u00e9 aujourd&#8217;hui, jeudi \u00e0 Nouakchott. L&#8217;atelier est organis\u00e9 en collaboration entre le minist\u00e8re de l&#8217;Economie et du D\u00e9veloppement durable et l&#8217;Organisation des Nations Unies pour l&#8217;Alimentation et l&#8217;Agriculture (FAO).<\/div>\n<div>\n<div>Cet atelier a pour objectif principal d\u2019informer les parties prenantes cl\u00e9s sur les objectifs et r\u00e9sultats du projet et de pr\u00e9senter les compl\u00e9mentarit\u00e9s entre ce projet et celui du renforcement de la paix et de la r\u00e9silience socio-\u00e9conomique \u00e0 travers la cr\u00e9ation d\u2019emplois d\u00e9cents verts pour les jeunes en zones rurales et p\u00e9ri-urbaines.<\/div>\n<div><\/div>\n<div>Le projet vise \u00e0 fournir un soutien direct aux MPME existantes, tant en mati\u00e8re d\u2019orientation technique et d\u2019accompagnement que d\u2019acc\u00e8s aux facteurs de production, afin de renforcer leurs investissements responsables dans le secteur agro-alimentaire au profit de l\u2019emploi des jeunes.<\/div>\n<\/div>\n<div>\n<div>Dans un discours prononc\u00e9 \u00e0 cette occasion, le secr\u00e9taire g\u00e9n\u00e9ral du minist\u00e8re de l&#8217;Economie et du D\u00e9veloppement durable, M. Yacob Ould Ahmed Aicha, a affirm\u00e9 que la Mauritanie a \u00e9t\u00e9 \u00e0 l&#8217;avant-garde de la lutte contre les d\u00e9fis engendr\u00e9s par les r\u00e9centes crises sanitaires, g\u00e9opolitiques et socio\u00e9conomiques mondiales qui ont fragilis\u00e9 davantage \u00a0les syst\u00e8mes alimentaires, accru la vuln\u00e9rabilit\u00e9 des jeunes femmes et des jeunes hommes partout dans le monde et cr\u00e9\u00e9 de nouveaux d\u00e9s\u00e9quilibres \u00e9conomiques.<\/div>\n<div><\/div>\n<div>Il a ajout\u00e9 que la r\u00e9alisation de l&#8217;objectif 2 du d\u00e9veloppement durable d&#8217;ici 2030 a amen\u00e9 le Gouvernement \u00e0 \u0153uvrer pour stimuler les investissements responsables dans l&#8217;agriculture et les syst\u00e8mes alimentaires durables et \u00e0 mettre en \u0153uvre les politiques et programmes nationaux \u00e9labor\u00e9s \u00e0 cette fin.<\/div>\n<\/div>\n<div>\n<div><\/div>\n<div>Pour sa part, le repr\u00e9sentant r\u00e9sident de la FAO en Mauritanie a r\u00e9affirm\u00e9 l&#8217;engagement de l&#8217;organisation \u00e0 assurer un suivi technique du projet d&#8217;investissement responsable dans l&#8217;agriculture et les syst\u00e8mes alimentaires en faveur des jeunes entrepreneurs.<\/div>\n<div><\/div>\n<div>La c\u00e9r\u00e9monie s&#8217;est d\u00e9roul\u00e9e en pr\u00e9sence des secr\u00e9taires g\u00e9n\u00e9raux des minist\u00e8res de l&#8217;Emploi et de la Formation professionnelle et de l&#8217;Agriculture.<\/div>\n<\/div>\n<div>MEcDD<\/div>\n","protected":false},"excerpt":{"rendered":"<p>Les travaux d&#8217;un atelier d&#8217;\u00e9valuation \u00a0du projet \u00ab Agri-acc\u00e9l\u00e9rateur 2.0 pour un investissement agricole responsable \u00bb ont d\u00e9but\u00e9 aujourd&#8217;hui, jeudi \u00e0 Nouakchott. L&#8217;atelier est organis\u00e9 en collaboration entre le minist\u00e8re de l&#8217;Economie et du D\u00e9veloppement durable et l&#8217;Organisation des Nations Unies pour l&#8217;Alimentation et l&#8217;Agriculture (FAO). Cet atelier a pour objectif principal d\u2019informer les parties &hellip;<\/p>\n","protected":false},"author":2,"featured_media":9490,"comment_status":"open","ping_status":"open","sticky":false,"template":"","format":"standard","meta":{"footnotes":""},"categories":[18,2],"tags":[],"class_list":["post-9489","post","type-post","status-publish","format-standard","has-post-thumbnail","hentry","category-actualites","category-economie"],"_links":{"self":[{"href":"https:\/\/ladepeche.mr\/index.php?rest_route=\/wp\/v2\/posts\/9489","targetHints":{"allow":["GET"]}}],"collection":[{"href":"https:\/\/ladepeche.mr\/index.php?rest_route=\/wp\/v2\/posts"}],"about":[{"href":"https:\/\/ladepeche.mr\/index.php?rest_route=\/wp\/v2\/types\/post"}],"author":[{"embeddable":true,"href":"https:\/\/ladepeche.mr\/index.php?rest_route=\/wp\/v2\/users\/2"}],"replies":[{"embeddable":true,"href":"https:\/\/ladepeche.mr\/index.php?rest_route=%2Fwp%2Fv2%2Fcomments&post=9489"}],"version-history":[{"count":2,"href":"https:\/\/ladepeche.mr\/index.php?rest_route=\/wp\/v2\/posts\/9489\/revisions"}],"predecessor-version":[{"id":9492,"href":"https:\/\/ladepeche.mr\/index.php?rest_route=\/wp\/v2\/posts\/9489\/revisions\/9492"}],"wp:featuredmedia":[{"embeddable":true,"href":"https:\/\/ladepeche.mr\/index.php?rest_route=\/wp\/v2\/media\/9490"}],"wp:attachment":[{"href":"https:\/\/ladepeche.mr\/index.php?rest_route=%2Fwp%2Fv2%2Fmedia&parent=9489"}],"wp:term":[{"taxonomy":"category","embeddable":true,"href":"https:\/\/ladepeche.mr\/index.php?rest_route=%2Fwp%2Fv2%2Fcategories&post=9489"},{"taxonomy":"post_tag","embeddable":true,"href":"https:\/\/ladepeche.mr\/index.php?rest_route=%2Fwp%2Fv2%2Ftags&post=9489"}],"curies":[{"name":"wp","href":"https:\/\/api.w.org\/{rel}","templated":true}]}}