{"id":9497,"date":"2024-05-03T01:15:24","date_gmt":"2024-05-03T01:15:24","guid":{"rendered":"https:\/\/ladepeche.mr\/?p=9497"},"modified":"2024-05-03T01:15:24","modified_gmt":"2024-05-03T01:15:24","slug":"au-conseil-des-ministres-un-projet-de-decret-organisant-le-recensement-general-de-lelevage","status":"publish","type":"post","link":"https:\/\/ladepeche.mr\/?p=9497","title":{"rendered":"Au Conseil des Ministres : Un projet de d\u00e9cret organisant le recensement g\u00e9n\u00e9ral de l\u2019\u00e9levage"},"content":{"rendered":"<p>Le Conseil des ministres s\u2019est r\u00e9uni le jeudi 02 mai 2024, sous la Pr\u00e9sidence de Son Excellence Monsieur le Pr\u00e9sident de la R\u00e9publique, Mohamed Ould Cheikh El Ghazouani.<\/p>\n<p>Le Conseil a examin\u00e9 et adopt\u00e9 les projets de d\u00e9crets suivants :<\/p>\n<p>\u2010 Projet de d\u00e9cret portant nomination d\u2019un membre au Conseil \u00c9conomique, Social et Environnemental.<\/p>\n<p>\u2010 Projet de d\u00e9cret portant nomination du Pr\u00e9sident et des membres du Conseil d\u2019Administration du Centre Hospitalier des Sp\u00e9cialit\u00e9s de Nouadhibou.<\/p>\n<p>\u2010 Projet de d\u00e9cret portant nomination du Pr\u00e9sident et des membres du Conseil d\u2019Administration de la Soci\u00e9t\u00e9 Mauritanienne des Industries de Raffinage (SOMIR).<\/p>\n<p>\u2010 Projet de d\u00e9cret organisant le recensement g\u00e9n\u00e9ral de l\u2019\u00e9levage et portant cr\u00e9ation des structures responsables.<\/p>\n<p>Ce projet de d\u00e9cret s\u2019inscrit dans le cadre de la convention sign\u00e9e en octobre 2021 entre le minist\u00e8re de l\u2019Elevage et le minist\u00e8re de l\u2019\u00c9conomie et du D\u00e9veloppement Durable en vue de r\u00e9aliser le premier recensement g\u00e9n\u00e9ral de l\u2019\u00e9levage, comme l\u2019a indiqu\u00e9 l\u2019Agence Nationale de la Statistique et de l\u2019Analyse D\u00e9mographique et Economique qui s\u2019est vu confier la pr\u00e9paration technique du processus conform\u00e9ment aux r\u00e8gles et normes internationales en la mati\u00e8re, en tenant compte des particularit\u00e9s mauritaniennes.<\/p>\n<p>Ce projet pr\u00e9sente les objectifs globaux du Recensement G\u00e9n\u00e9ral de l\u2019Elevage, qui sont de collecter suffisamment de donn\u00e9es sur l\u2019\u00e9levage et la production animale pour concevoir, mettre en \u0153uvre et accompagner les politiques et programmes de d\u00e9veloppement du secteur pastoral. Ce projet repr\u00e9sente le lancement effectif du projet Recensement G\u00e9n\u00e9ral de l\u2019Elevage. Il comprend \u00e9galement des structures qui assurent le suivi, la supervision et la mise en \u0153uvre.<\/p>\n<p>\u2010 Projet de d\u00e9cret portant nomination du Pr\u00e9sident et des membres du Conseil d\u2019Administration de l\u2019Agence d\u2019Ex\u00e9cution et de suivi des Projets (ANESP).<\/p>\n<p>\u2010 Projet de d\u00e9cret portant nomination du Pr\u00e9sident et des membres du Conseil d\u2019Administration de la Soci\u00e9t\u00e9 des A\u00e9roports de Mauritanie (SAM-SEM).<\/p>\n<p>\u2010 Projet de d\u00e9cret portant nomination du Pr\u00e9sident et des membres du Conseil d\u2019Administration du Centre de Protection et d\u2019Int\u00e9gration Sociale des Enfants.<\/p>\n<p>Le ministre de l\u2019Int\u00e9rieur et de la D\u00e9centralisation a pr\u00e9sent\u00e9 une communication relative \u00e0 la situation int\u00e9rieure.<\/p>\n<p>La ministre secr\u00e9taire g\u00e9n\u00e9rale du gouvernement a pr\u00e9sent\u00e9 une communication relative au suivi de l\u2019\u00e9tat d\u2019avancement des grands projets pour le mois d\u2019avril 2024.<\/p>\n<p>Cette communication a inform\u00e9 le Gouvernement sur la situation des projets au terme du mois d\u2019avril, dont les r\u00e9sultats refl\u00e8tent l\u2019efficacit\u00e9 des mesures prises pour lever les obstacles qui pesaient sur l\u2019ex\u00e9cution des projets et favoriser de meilleures performances.<\/p>\n<p>En effet, au cours du mois d\u2019avril, le portefeuille comprenait 124 projets contre 123 projets en mars d\u2019une part, et une augmentation du nombre de projets achev\u00e9s, de 23 en mars \u00e0 24 en avril d\u2019autre part.<\/p>\n<p>Le ministre d\u00e9l\u00e9gu\u00e9 aupr\u00e8s du ministre des Affaires Etrang\u00e8res, de la Coop\u00e9ration et des Mauritaniens de l\u2019Ext\u00e9rieur, charg\u00e9 des Mauritaniens de l\u2019Ext\u00e9rieur a pr\u00e9sent\u00e9 une communication relative \u00e0 la situation internationale.<\/p>\n<p>Enfin, le Conseil a pris la mesure individuelle suivante :<\/p>\n<p>Minist\u00e8re des Finances<\/p>\n<p>Administration Centrale<\/p>\n<p>Direction G\u00e9n\u00e9rale des Imp\u00f4ts<\/p>\n<p>Direction des Entit\u00e9s Publiques<\/p>\n<p>Directeur : Hamady Ould HADOU, Inspecteur de Cadastre et des Imp\u00f4ts, pr\u00e9c\u00e9demment chef d\u00e9partement du contr\u00f4le fiscal au Projet Gazier Grand Tortue Ahmeyim.<\/p>\n<p>Ami<\/p>\n","protected":false},"excerpt":{"rendered":"<p>Le Conseil des ministres s\u2019est r\u00e9uni le jeudi 02 mai 2024, sous la Pr\u00e9sidence de Son Excellence Monsieur le Pr\u00e9sident de la R\u00e9publique, Mohamed Ould Cheikh El Ghazouani. Le Conseil a examin\u00e9 et adopt\u00e9 les projets de d\u00e9crets suivants : \u2010 Projet de d\u00e9cret portant nomination d\u2019un membre au Conseil \u00c9conomique, Social et Environnemental. \u2010 &hellip;<\/p>\n","protected":false},"author":2,"featured_media":0,"comment_status":"open","ping_status":"open","sticky":false,"template":"","format":"standard","meta":{"footnotes":""},"categories":[18],"tags":[],"class_list":["post-9497","post","type-post","status-publish","format-standard","hentry","category-actualites"],"_links":{"self":[{"href":"https:\/\/ladepeche.mr\/index.php?rest_route=\/wp\/v2\/posts\/9497","targetHints":{"allow":["GET"]}}],"collection":[{"href":"https:\/\/ladepeche.mr\/index.php?rest_route=\/wp\/v2\/posts"}],"about":[{"href":"https:\/\/ladepeche.mr\/index.php?rest_route=\/wp\/v2\/types\/post"}],"author":[{"embeddable":true,"href":"https:\/\/ladepeche.mr\/index.php?rest_route=\/wp\/v2\/users\/2"}],"replies":[{"embeddable":true,"href":"https:\/\/ladepeche.mr\/index.php?rest_route=%2Fwp%2Fv2%2Fcomments&post=9497"}],"version-history":[{"count":1,"href":"https:\/\/ladepeche.mr\/index.php?rest_route=\/wp\/v2\/posts\/9497\/revisions"}],"predecessor-version":[{"id":9498,"href":"https:\/\/ladepeche.mr\/index.php?rest_route=\/wp\/v2\/posts\/9497\/revisions\/9498"}],"wp:attachment":[{"href":"https:\/\/ladepeche.mr\/index.php?rest_route=%2Fwp%2Fv2%2Fmedia&parent=9497"}],"wp:term":[{"taxonomy":"category","embeddable":true,"href":"https:\/\/ladepeche.mr\/index.php?rest_route=%2Fwp%2Fv2%2Fcategories&post=9497"},{"taxonomy":"post_tag","embeddable":true,"href":"https:\/\/ladepeche.mr\/index.php?rest_route=%2Fwp%2Fv2%2Ftags&post=9497"}],"curies":[{"name":"wp","href":"https:\/\/api.w.org\/{rel}","templated":true}]}}