{"id":9499,"date":"2024-05-03T01:21:33","date_gmt":"2024-05-03T01:21:33","guid":{"rendered":"https:\/\/ladepeche.mr\/?p=9499"},"modified":"2024-05-03T01:21:33","modified_gmt":"2024-05-03T01:21:33","slug":"mauritanie-le-parti-islamiste-presente-un-candidat-a-la-presidentielle-pour-la-premiere-fois","status":"publish","type":"post","link":"https:\/\/ladepeche.mr\/?p=9499","title":{"rendered":"Mauritanie : le parti islamiste pr\u00e9sente un candidat \u00e0 la pr\u00e9sidentielle pour la premi\u00e8re fois"},"content":{"rendered":"<p>Le parti islamiste Tewassoul, parti d&#8217;opposition en Mauritanie, a annonc\u00e9 jeudi la candidature de son leader \u00e0 l&#8217;\u00e9lection pr\u00e9sidentielle pr\u00e9vue le 29 juin, une premi\u00e8re pour cette formation politique.<\/p>\n<p>Hamadi Ould Sid&#8217; El Moctar, pr\u00e9sident du Rassemblement national pour la r\u00e9forme et le d\u00e9veloppement \u00e9galement connu sous l\u2019abr\u00e9viation Tewassoul, devient le premier candidat officiellement investi par ce parti islamiste depuis sa l\u00e9galisation en 2007.<\/p>\n<p>Premier parti d&#8217;opposition au Parlement mauritanien avec 11 d\u00e9put\u00e9s (sur 176), Tewassoul avait soutenu des candidats hors de ses rangs lors des pr\u00e9c\u00e9dentes \u00e9lections pr\u00e9sidentielles.<\/p>\n<p>Le grand favori du scrutin de juin est le pr\u00e9sident \u00e9lu en 2019, Mohamed Ould Cheikh El Ghazouani, qui a annonc\u00e9 le 24 avril sa candidature pour un deuxi\u00e8me mandat \u00e0 la t\u00eate de ce pays r\u00e9put\u00e9 \u00eatre un p\u00f4le de stabilit\u00e9 dans une r\u00e9gion en proie \u00e0 la propagation jihadiste.<\/p>\n<p>Tewassoul explique dans un communiqu\u00e9 avoir d\u00e9cid\u00e9 de pr\u00e9senter un candidat au terme d&#8217;un &#8220;long d\u00e9bat&#8221; qui a conclu \u00e0 la &#8220;n\u00e9cessit\u00e9 d&#8217;un changement de la situation d\u00e9plorable dans laquelle le r\u00e9gime a plong\u00e9 le pays&#8221;.<\/p>\n<p>Le sortant Mohamed Ould Cheikh El Ghazouani affrontera notamment Biram Ould Dah Ould Abeid, son rival arriv\u00e9 deuxi\u00e8me de la pr\u00e9sidentielle de 2019.<\/p>\n<p>&#8220;Le citoyen mauritanien r\u00eave de ce changement et compte sur l&#8217;engagement et le dynamisme de nos militants et toutes les forces de l&#8217;opposition pour voter contre le candidat du pouvoir pour y parvenir&#8221;, ont ajout\u00e9 les auteurs du texte.<\/p>\n<p>Un peu moins d&#8217;une dizaine d&#8217;autres pr\u00e9tendants ont pour l&#8217;heure annonc\u00e9 leur candidature, dont le militant pour les droits humains Biram Ould Dah Ould Abeid, arriv\u00e9 deuxi\u00e8me \u00e0 la pr\u00e9sidentielle de 2019.<\/p>\n<p>La Mauritanie, vaste pays charni\u00e8re entre l&#8217;Afrique du Nord et l&#8217;Afrique subsaharienne d&#8217;environ 4,5 millions d&#8217;habitants, a connu une succession de coups d&#8217;Etat de 1978 \u00e0 2008, avant que l&#8217;\u00e9lection de 2019 ne marque la premi\u00e8re transition entre deux pr\u00e9sidents \u00e9lus.<\/p>\n<p>Alors que le jihadisme se propageait ailleurs au Sahel, et notamment au Mali voisin, le pays n&#8217;a plus connu d&#8217;attaque depuis 2011. La campagne \u00e9lectorale d\u00e9butera officiellement le vendredi 14 juin \u00e0 minuit et se terminera le jeudi 27 juin \u00e0 minuit.<\/p>\n<p>AFP via VOA<\/p>\n","protected":false},"excerpt":{"rendered":"<p>Le parti islamiste Tewassoul, parti d&#8217;opposition en Mauritanie, a annonc\u00e9 jeudi la candidature de son leader \u00e0 l&#8217;\u00e9lection pr\u00e9sidentielle pr\u00e9vue le 29 juin, une premi\u00e8re pour cette formation politique. Hamadi Ould Sid&#8217; El Moctar, pr\u00e9sident du Rassemblement national pour la r\u00e9forme et le d\u00e9veloppement \u00e9galement connu sous l\u2019abr\u00e9viation Tewassoul, devient le premier candidat officiellement investi &hellip;<\/p>\n","protected":false},"author":2,"featured_media":9500,"comment_status":"open","ping_status":"open","sticky":false,"template":"","format":"standard","meta":{"footnotes":""},"categories":[18,31],"tags":[],"class_list":["post-9499","post","type-post","status-publish","format-standard","has-post-thumbnail","hentry","category-actualites","category-politique-et-reportages"],"_links":{"self":[{"href":"https:\/\/ladepeche.mr\/index.php?rest_route=\/wp\/v2\/posts\/9499","targetHints":{"allow":["GET"]}}],"collection":[{"href":"https:\/\/ladepeche.mr\/index.php?rest_route=\/wp\/v2\/posts"}],"about":[{"href":"https:\/\/ladepeche.mr\/index.php?rest_route=\/wp\/v2\/types\/post"}],"author":[{"embeddable":true,"href":"https:\/\/ladepeche.mr\/index.php?rest_route=\/wp\/v2\/users\/2"}],"replies":[{"embeddable":true,"href":"https:\/\/ladepeche.mr\/index.php?rest_route=%2Fwp%2Fv2%2Fcomments&post=9499"}],"version-history":[{"count":1,"href":"https:\/\/ladepeche.mr\/index.php?rest_route=\/wp\/v2\/posts\/9499\/revisions"}],"predecessor-version":[{"id":9501,"href":"https:\/\/ladepeche.mr\/index.php?rest_route=\/wp\/v2\/posts\/9499\/revisions\/9501"}],"wp:featuredmedia":[{"embeddable":true,"href":"https:\/\/ladepeche.mr\/index.php?rest_route=\/wp\/v2\/media\/9500"}],"wp:attachment":[{"href":"https:\/\/ladepeche.mr\/index.php?rest_route=%2Fwp%2Fv2%2Fmedia&parent=9499"}],"wp:term":[{"taxonomy":"category","embeddable":true,"href":"https:\/\/ladepeche.mr\/index.php?rest_route=%2Fwp%2Fv2%2Fcategories&post=9499"},{"taxonomy":"post_tag","embeddable":true,"href":"https:\/\/ladepeche.mr\/index.php?rest_route=%2Fwp%2Fv2%2Ftags&post=9499"}],"curies":[{"name":"wp","href":"https:\/\/api.w.org\/{rel}","templated":true}]}}