{"id":9502,"date":"2024-05-03T01:24:18","date_gmt":"2024-05-03T01:24:18","guid":{"rendered":"https:\/\/ladepeche.mr\/?p=9502"},"modified":"2024-05-03T01:24:18","modified_gmt":"2024-05-03T01:24:18","slug":"lassemblee-nationale-approuve-laccord-de-pret-pour-financer-le-projet-dinterconnexion-electrique-mauritanie-mali","status":"publish","type":"post","link":"https:\/\/ladepeche.mr\/?p=9502","title":{"rendered":"L\u2019Assembl\u00e9e nationale approuve l\u2019accord de pr\u00eat pour financer le projet d\u2019interconnexion \u00e9lectrique Mauritanie-Mali"},"content":{"rendered":"<p>L\u2019Assembl\u00e9e nationale a adopt\u00e9, au cours d\u2019une s\u00e9ance pl\u00e9ni\u00e8re tenue jeudi sous la pr\u00e9sidence de M. Ahmedou M\u2019Balla, deuxi\u00e8me vice-pr\u00e9sident de l\u2019Assembl\u00e9e, un projet de loi autorisant la ratification de l\u2019accord de pr\u00eat sign\u00e9 le 24 janvier 2024 entre la R\u00e9publique islamique de Mauritanie et le Fonds africain de d\u00e9veloppement (FAD), destin\u00e9 \u00e0 financer le projet d\u2019interconnexion \u00e9lectrique 225 kV Mauritanie-Mali et le d\u00e9veloppement des centrales \u00e9lectriques op\u00e9rant \u00e0 l\u2019\u00e9nergie solaire qui en d\u00e9pendent.<\/p>\n<p>Le pr\u00eat actuel est d\u2019environ 10,6 milliards de nouvelles ouguiyas, rembours\u00e9es sur 30 ans, dont 5 ans de p\u00e9riode de gr\u00e2ce, \u00e0 un taux d\u2019int\u00e9r\u00eat de 1 % par an du solde d\u00e9caiss\u00e9, et \u00e0 des frais d\u2019engagement de 0,75 % par an et de 1 % \u00e0 titre de frais de service.<\/p>\n<p>Le ministre de l\u2019\u00c9conomie et du D\u00e9veloppement Durable, M. Abdessalam Ould Mohamed Saleh, a expliqu\u00e9 que le secteur de l\u2019\u00e9lectricit\u00e9 dans notre pays est confront\u00e9 \u00e0 de graves d\u00e9fis, notamment le faible acc\u00e8s \u00e0 l\u2019\u00e9lectricit\u00e9, l\u2019incapacit\u00e9 de l\u2019offre \u00e0 accompagner la demande et la pr\u00e9dominance de la d\u00e9pendance des \u00e9nergies fossiles malgr\u00e9 l\u2019am\u00e9lioration enregistr\u00e9e dans ce domaine.<\/p>\n<p>Il a indiqu\u00e9 que le programme du Pr\u00e9sident de la R\u00e9publique a donn\u00e9 lieu \u00e0 un plan de production ambitieux, et \u00e0 de profondes r\u00e9formes institutionnelles mises en \u0153uvre \u00e0 cet \u00e9gard.<\/p>\n<p>Le ministre a soulign\u00e9 qu\u2019au vu des importantes d\u00e9couvertes de gaz dans notre pays, et de son grand potentiel dans le domaine de la production d\u2019\u00e9nergies renouvelables, ainsi qu\u2019en raison de sa position g\u00e9ographique strat\u00e9gique, le gouvernement vise non seulement \u00e0 parvenir \u00e0 l\u2019acc\u00e8s universel \u00e0 l\u2019\u00e9lectricit\u00e9 d\u2019ici 2030, mais \u00e9galement \u00e0 faire de notre pays un leader dans le domaine de l\u2019\u00e9nergie dont il compte \u00eatre un fournisseur majeur.<\/p>\n<p>C\u2019est dans ce cadre qu\u2019intervient, dit-il, ce projet de loi ajoutant que le pays b\u00e9n\u00e9ficiera, en outre, du d\u00e9veloppement d\u2019un autre grand projet pour impulser la capacit\u00e9 de production d\u2019\u00e9lectricit\u00e9 \u00e0 partir du gaz.<\/p>\n<p>Il s\u2019inscrit \u00e9galement dans le cadre du Programme national de d\u00e9veloppement de l\u2019interconnexion, et notamment dans la perspective de l\u2019initiative \u00ab \u00c9nergie du d\u00e9sert \u00bb de la Banque africaine de d\u00e9veloppement.<\/p>\n<p>M. Abdessalam Ould Mohamed Saleh a soulign\u00e9 que ce programme comprend une ligne de transport d\u2019\u00e9lectricit\u00e9 \u00e0 haute tension (225) kV, d\u2019une longueur de 1373 km, dont 1189 sur le territoire mauritanien, d\u2019une capacit\u00e9 de transport de 600 m\u00e9gawatts, en plus de 12 sites de conversion et de d\u00e9veloppement de centrales solaires, dont une \u00e0 Kiffa d\u2019une capacit\u00e9 de 50 m\u00e9gawatts, ainsi que la mise en place de r\u00e9seaux de moyenne et basse tension sur le trac\u00e9 de la ligne pour servir l\u2019acc\u00e8s universel.<\/p>\n<p>Il a affirm\u00e9 qu\u2019\u00e0 travers les composantes gazo-\u00e9nergie et hydro\u00e9lectrique, le projet permettra \u00e9galement l\u2019\u00e9lectrification de 150 villages au voisinage de la ligne, la mise en place de 60.000 raccordements aux compteurs intelligents pr\u00e9pay\u00e9s, ainsi que la cr\u00e9ation d\u2019opportunit\u00e9s d\u2019investissement priv\u00e9 dans l\u2019agriculture et les services qui contribuent au d\u00e9veloppement du commerce r\u00e9gional de l\u2019\u00e9lectricit\u00e9, ainsi que la pr\u00e9paration d\u2019\u00e9tudes de faisabilit\u00e9 pour le d\u00e9veloppement de deux centrales solaires dans les villes de N\u00e9ma en Mauritanie et Yelimani au Mali, d\u2019une capacit\u00e9 combin\u00e9e d\u2019au moins 100 m\u00e9gawatts.<\/p>\n<p>Pour leur part, les d\u00e9put\u00e9s ont abord\u00e9 dans toutes leurs interventions l\u2019importance de l\u2019accord et les efforts visant \u00e0 fournir de l\u2019\u00e9nergie, qui est un facteur d\u2019attractivit\u00e9 pour l\u2019investissement et un outil contribuant \u00e0 la r\u00e9alisation du d\u00e9veloppement local.<\/p>\n<p>Ils ont insist\u00e9 sur la n\u00e9cessit\u00e9 de tirer le meilleur parti des capacit\u00e9s \u00e9nerg\u00e9tiques inexploit\u00e9es telles que le vent, le soleil et l\u2019hydrog\u00e8ne vert, et de les commercialiser comme des opportunit\u00e9s d\u2019investissement prometteuses au lieu de les laisser aux entreprises \u00e9trang\u00e8res, ainsi que sur l\u2019int\u00e9r\u00eat qu\u2019il y a \u00e0 revoir le statut des unit\u00e9s de gestion dans les projets, qui constituent une charge financi\u00e8re.<\/p>\n<p>Ils se sont interrog\u00e9s sur la situation de l\u2019endettement et les probl\u00e8mes qu\u2019il pose, sur l\u2019importance \u00e9conomique et sociale de la centrale de 50 m\u00e9gawatts programm\u00e9e \u00e0 Kiffa et sur l\u2019\u00e9tat et la nature du partenariat dans ledit projet entre notre pays et la R\u00e9publique du Mali.<\/p>\n<p>Ami<\/p>\n","protected":false},"excerpt":{"rendered":"<p>L\u2019Assembl\u00e9e nationale a adopt\u00e9, au cours d\u2019une s\u00e9ance pl\u00e9ni\u00e8re tenue jeudi sous la pr\u00e9sidence de M. Ahmedou M\u2019Balla, deuxi\u00e8me vice-pr\u00e9sident de l\u2019Assembl\u00e9e, un projet de loi autorisant la ratification de l\u2019accord de pr\u00eat sign\u00e9 le 24 janvier 2024 entre la R\u00e9publique islamique de Mauritanie et le Fonds africain de d\u00e9veloppement (FAD), destin\u00e9 \u00e0 financer le &hellip;<\/p>\n","protected":false},"author":2,"featured_media":0,"comment_status":"open","ping_status":"open","sticky":false,"template":"","format":"standard","meta":{"footnotes":""},"categories":[2,28],"tags":[],"class_list":["post-9502","post","type-post","status-publish","format-standard","hentry","category-economie","category-sahel"],"_links":{"self":[{"href":"https:\/\/ladepeche.mr\/index.php?rest_route=\/wp\/v2\/posts\/9502","targetHints":{"allow":["GET"]}}],"collection":[{"href":"https:\/\/ladepeche.mr\/index.php?rest_route=\/wp\/v2\/posts"}],"about":[{"href":"https:\/\/ladepeche.mr\/index.php?rest_route=\/wp\/v2\/types\/post"}],"author":[{"embeddable":true,"href":"https:\/\/ladepeche.mr\/index.php?rest_route=\/wp\/v2\/users\/2"}],"replies":[{"embeddable":true,"href":"https:\/\/ladepeche.mr\/index.php?rest_route=%2Fwp%2Fv2%2Fcomments&post=9502"}],"version-history":[{"count":1,"href":"https:\/\/ladepeche.mr\/index.php?rest_route=\/wp\/v2\/posts\/9502\/revisions"}],"predecessor-version":[{"id":9503,"href":"https:\/\/ladepeche.mr\/index.php?rest_route=\/wp\/v2\/posts\/9502\/revisions\/9503"}],"wp:attachment":[{"href":"https:\/\/ladepeche.mr\/index.php?rest_route=%2Fwp%2Fv2%2Fmedia&parent=9502"}],"wp:term":[{"taxonomy":"category","embeddable":true,"href":"https:\/\/ladepeche.mr\/index.php?rest_route=%2Fwp%2Fv2%2Fcategories&post=9502"},{"taxonomy":"post_tag","embeddable":true,"href":"https:\/\/ladepeche.mr\/index.php?rest_route=%2Fwp%2Fv2%2Ftags&post=9502"}],"curies":[{"name":"wp","href":"https:\/\/api.w.org\/{rel}","templated":true}]}}