{"id":9517,"date":"2024-05-04T16:56:51","date_gmt":"2024-05-04T16:56:51","guid":{"rendered":"https:\/\/ladepeche.mr\/?p=9517"},"modified":"2024-05-04T16:58:00","modified_gmt":"2024-05-04T16:58:00","slug":"partis-le-soutien-de-ahmed-ould-daddah-a-la-candidature-de-ghazouani-conteste-par-des-membres-du-directoire-du-rfd","status":"publish","type":"post","link":"https:\/\/ladepeche.mr\/?p=9517","title":{"rendered":"Partis\u00a0: Le soutien de Ahmed Ould Daddah \u00e0 la candidature de Ghazouani contest\u00e9 par des membres du directoire du RFD"},"content":{"rendered":"<p>Le soutien apport\u00e9 par le pr\u00e9sident du RFD, Ahmed Ould Daddah, \u00e0 la candidature du pr\u00e9sident sortant, Mohamed El Ghazouani, \u00e0 l&#8217;\u00e9lection pr\u00e9sidentielle du 9 juin prochain du pr\u00e9sident sortant, Mohamed Ould Cheikh El Ghazouani, est rejet\u00e9 par une partie du directoire du parti au motif que seul le bureau ex\u00e9cutif du parti est mandat\u00e9 pour prendre une telle mesure.<\/p>\n<p>Selon les membres de ce directoire qui s\u2019exprimait lors d\u2019une conf\u00e9rence de presse, le pr\u00e9sident du parti, Ahmed Ould Daddah, serait \u00ab manipul\u00e9 \u00bb par certains de ses proches pour des calculs personnels. Les protagonistes du pr\u00e9sident du parti du RFD estime, en cons\u00e9quence, que le communiqu\u00e9 sign\u00e9 au nom du parti par son pr\u00e9sident est nul et non avenu. Malgr\u00e9 son &#8220;combat&#8221; et ses &#8220;sacrifices&#8221; pour le pays, le pr\u00e9sident Ahmed Ould Daddah, ne d\u00e9ciderait plus de son &#8220;libre arbitre&#8221; et il serait sous l\u2019emprise de certains de ses proches qui lui font prendre des mesures jug\u00e9es irr\u00e9guli\u00e8res.<\/p>\n<p>Les membres du RDF, rassembl\u00e9s en conf\u00e9rence de presse, ont appel\u00e9 les militants du parti \u00e0 se mobiliser pour \u00e9viter qu\u2019il ne soit d\u00e9voy\u00e9 par des mains occultes.<\/p>\n<blockquote class=\"wp-embedded-content\" data-secret=\"fIt6mzQi9a\"><p><a href=\"https:\/\/ladepeche.mr\/?p=8759\">RFD : Ahmed Oud Daddah au secours de Me Yacoub Diallo<\/a><\/p><\/blockquote>\n<p><iframe loading=\"lazy\" class=\"wp-embedded-content\" sandbox=\"allow-scripts\" security=\"restricted\" style=\"position: absolute; clip: rect(1px, 1px, 1px, 1px);\" title=\"\u00ab\u00a0RFD : Ahmed Oud Daddah au secours de Me Yacoub Diallo\u00a0\u00bb &#8212; La D\u00e9p\u00eache  de Mauritanie et du Sahel\" src=\"https:\/\/ladepeche.mr\/?p=8759&#038;embed=true#?secret=alYeg36ZjB#?secret=fIt6mzQi9a\" data-secret=\"fIt6mzQi9a\" width=\"500\" height=\"282\" frameborder=\"0\" marginwidth=\"0\" marginheight=\"0\" scrolling=\"no\"><\/iframe><\/p>\n<p>Cette pol\u00e9mique sur la gestion du parti dure depuis quelques mois suite au voyage pour raison de sant\u00e9 de Ahmed Ould Daddah et son choix de porter aux commandes du parti son fid\u00e8le lieutenant Me Yacoub Diallo.<\/p>\n<p>Le RFD fait partie, avec l&#8217;UFP, d&#8217;un pacte sign\u00e9 avec le parti Insaf au pouvoir. Les deux partis de l&#8217;opposition historique ont \u00e9t\u00e9 lamin\u00e9s lors des derni\u00e8res \u00e9lections g\u00e9n\u00e9rales organis\u00e9es en 2023.<\/p>\n","protected":false},"excerpt":{"rendered":"<p>Le soutien apport\u00e9 par le pr\u00e9sident du RFD, Ahmed Ould Daddah, \u00e0 la candidature du pr\u00e9sident sortant, Mohamed El Ghazouani, \u00e0 l&#8217;\u00e9lection pr\u00e9sidentielle du 9 juin prochain du pr\u00e9sident sortant, Mohamed Ould Cheikh El Ghazouani, est rejet\u00e9 par une partie du directoire du parti au motif que seul le bureau ex\u00e9cutif du parti est mandat\u00e9 &hellip;<\/p>\n","protected":false},"author":2,"featured_media":8761,"comment_status":"open","ping_status":"open","sticky":false,"template":"","format":"standard","meta":{"footnotes":""},"categories":[18,31],"tags":[],"class_list":["post-9517","post","type-post","status-publish","format-standard","has-post-thumbnail","hentry","category-actualites","category-politique-et-reportages"],"_links":{"self":[{"href":"https:\/\/ladepeche.mr\/index.php?rest_route=\/wp\/v2\/posts\/9517","targetHints":{"allow":["GET"]}}],"collection":[{"href":"https:\/\/ladepeche.mr\/index.php?rest_route=\/wp\/v2\/posts"}],"about":[{"href":"https:\/\/ladepeche.mr\/index.php?rest_route=\/wp\/v2\/types\/post"}],"author":[{"embeddable":true,"href":"https:\/\/ladepeche.mr\/index.php?rest_route=\/wp\/v2\/users\/2"}],"replies":[{"embeddable":true,"href":"https:\/\/ladepeche.mr\/index.php?rest_route=%2Fwp%2Fv2%2Fcomments&post=9517"}],"version-history":[{"count":2,"href":"https:\/\/ladepeche.mr\/index.php?rest_route=\/wp\/v2\/posts\/9517\/revisions"}],"predecessor-version":[{"id":9519,"href":"https:\/\/ladepeche.mr\/index.php?rest_route=\/wp\/v2\/posts\/9517\/revisions\/9519"}],"wp:featuredmedia":[{"embeddable":true,"href":"https:\/\/ladepeche.mr\/index.php?rest_route=\/wp\/v2\/media\/8761"}],"wp:attachment":[{"href":"https:\/\/ladepeche.mr\/index.php?rest_route=%2Fwp%2Fv2%2Fmedia&parent=9517"}],"wp:term":[{"taxonomy":"category","embeddable":true,"href":"https:\/\/ladepeche.mr\/index.php?rest_route=%2Fwp%2Fv2%2Fcategories&post=9517"},{"taxonomy":"post_tag","embeddable":true,"href":"https:\/\/ladepeche.mr\/index.php?rest_route=%2Fwp%2Fv2%2Ftags&post=9517"}],"curies":[{"name":"wp","href":"https:\/\/api.w.org\/{rel}","templated":true}]}}