{"id":9537,"date":"2024-05-06T22:16:13","date_gmt":"2024-05-06T22:16:13","guid":{"rendered":"https:\/\/ladepeche.mr\/?p=9537"},"modified":"2024-05-06T22:16:13","modified_gmt":"2024-05-06T22:16:13","slug":"france-lenfant-dorigine-mauritanienne-porte-disparu-retrouve-inanime-dans-un-cours-deau","status":"publish","type":"post","link":"https:\/\/ladepeche.mr\/?p=9537","title":{"rendered":"France: L\u2019enfant d\u2019origine mauritanienne port\u00e9 disparu, retrouv\u00e9 inanim\u00e9 dans un cours d\u2019eau"},"content":{"rendered":"<p>&nbsp;<\/p>\n<p>C\u2019est une terrible nouvelle qui s\u2019est abattue, aujourd\u2019hui, sur une famille mauritanienne quand elle apprit que son enfant de 5ans, disparu depuis plusieurs heures, avait retrouv\u00e9 mort dans un cours d\u2019eau par des secouristes fran\u00e7ais d\u00e9ploy\u00e9s dans sa qu\u00eate.<\/p>\n<p>La disparition du petit a d\u00e9pass\u00e9 la commune de\u00a0S\u00e9lestat\u00a0(<a href=\"https:\/\/www.linfo.re\/tags\/bas-rhin\"><strong>Bas-Rhin<\/strong><\/a>) o\u00f9 ce drame a eu lieu et retenu l\u2019attention de toute la France ces derniers o\u00f9 les photos du petit meublaient la presse locale.<\/p>\n<p>Le d\u00e9funt aurait disparu selon les Derni\u00e8res Nouvelles de l\u2019Alsace, qui a rapport\u00e9 la nouvelle de sa disparition, \u00e0 l\u2019occasion d\u2019une visite avec sa famille dans une aire de jeu. Apr\u00e8s des tentatives vaines de le retrouver, sa famille a alert\u00e9 les services de police pour des recherches et des appels \u00e0 t\u00e9moin lanc\u00e9s. Plusieurs \u00e9quipes de police y compris a\u00e9roport\u00e9es auraient \u00e9t\u00e9 mobilis\u00e9es pour retrouver l\u2019enfant. Son corps inanim\u00e9 fut retrouv\u00e9 par l\u2019h\u00e9lico apr\u00e8s 18 heures de recherche, flottant sur un cours d\u2019eau, \u00e0 quelques centaines de m\u00e8tres de l\u2019endroit de l\u2019aire de jeu o\u00f9 il accompagnait sa famille.<\/p>\n<p>Le corps a \u00e9t\u00e9 achemin\u00e9 \u00e0 l\u2019h\u00f4pital et une enqu\u00eate ouverte par le parquet de Colmar pour d\u00e9terminer\u00a0&#8220;<em>les circonstances dans lesquelles il s\u2019est retrouv\u00e9 dans ce cours d\u2019eau restent \u00e0 d\u00e9terminer,\u00a0mais\u00a0l\u2019intervention d\u2019un tiers est exclue<\/em>&#8220;, assure d\u00e9j\u00e0 le parquet.<\/p>\n<p>&nbsp;<\/p>\n<p>&nbsp;<\/p>\n<p>Nos condol\u00e9ances vont \u00e0 sa famille \u00e9plor\u00e9e<\/p>\n","protected":false},"excerpt":{"rendered":"<p>&nbsp; C\u2019est une terrible nouvelle qui s\u2019est abattue, aujourd\u2019hui, sur une famille mauritanienne quand elle apprit que son enfant de 5ans, disparu depuis plusieurs heures, avait retrouv\u00e9 mort dans un cours d\u2019eau par des secouristes fran\u00e7ais d\u00e9ploy\u00e9s dans sa qu\u00eate. La disparition du petit a d\u00e9pass\u00e9 la commune de\u00a0S\u00e9lestat\u00a0(Bas-Rhin) o\u00f9 ce drame a eu lieu &hellip;<\/p>\n","protected":false},"author":2,"featured_media":9538,"comment_status":"open","ping_status":"open","sticky":false,"template":"","format":"standard","meta":{"footnotes":""},"categories":[18,29],"tags":[],"class_list":["post-9537","post","type-post","status-publish","format-standard","has-post-thumbnail","hentry","category-actualites","category-monde"],"_links":{"self":[{"href":"https:\/\/ladepeche.mr\/index.php?rest_route=\/wp\/v2\/posts\/9537","targetHints":{"allow":["GET"]}}],"collection":[{"href":"https:\/\/ladepeche.mr\/index.php?rest_route=\/wp\/v2\/posts"}],"about":[{"href":"https:\/\/ladepeche.mr\/index.php?rest_route=\/wp\/v2\/types\/post"}],"author":[{"embeddable":true,"href":"https:\/\/ladepeche.mr\/index.php?rest_route=\/wp\/v2\/users\/2"}],"replies":[{"embeddable":true,"href":"https:\/\/ladepeche.mr\/index.php?rest_route=%2Fwp%2Fv2%2Fcomments&post=9537"}],"version-history":[{"count":1,"href":"https:\/\/ladepeche.mr\/index.php?rest_route=\/wp\/v2\/posts\/9537\/revisions"}],"predecessor-version":[{"id":9539,"href":"https:\/\/ladepeche.mr\/index.php?rest_route=\/wp\/v2\/posts\/9537\/revisions\/9539"}],"wp:featuredmedia":[{"embeddable":true,"href":"https:\/\/ladepeche.mr\/index.php?rest_route=\/wp\/v2\/media\/9538"}],"wp:attachment":[{"href":"https:\/\/ladepeche.mr\/index.php?rest_route=%2Fwp%2Fv2%2Fmedia&parent=9537"}],"wp:term":[{"taxonomy":"category","embeddable":true,"href":"https:\/\/ladepeche.mr\/index.php?rest_route=%2Fwp%2Fv2%2Fcategories&post=9537"},{"taxonomy":"post_tag","embeddable":true,"href":"https:\/\/ladepeche.mr\/index.php?rest_route=%2Fwp%2Fv2%2Ftags&post=9537"}],"curies":[{"name":"wp","href":"https:\/\/api.w.org\/{rel}","templated":true}]}}