{"id":9542,"date":"2024-05-08T17:35:46","date_gmt":"2024-05-08T17:35:46","guid":{"rendered":"https:\/\/ladepeche.mr\/?p=9542"},"modified":"2024-05-08T22:56:23","modified_gmt":"2024-05-08T22:56:23","slug":"presidentielle-2024-le-compte-a-rebours-deja-lance","status":"publish","type":"post","link":"https:\/\/ladepeche.mr\/?p=9542","title":{"rendered":"Pr\u00e9sidentielle 2024\u00a0: Le compte \u00e0 rebours d\u00e9j\u00e0 lanc\u00e9\u00a0!"},"content":{"rendered":"<p>Au moins neuf candidats dont le pr\u00e9sident sortant, Mohamed Ould Ghazouani, t\u00e9moignent de leurs volont\u00e9s de briguer le suffrage des mauritaniens. Mais tous ne sont pas log\u00e9s \u00e0 la m\u00eame enseigne\u00a0!<\/p>\n<p>L\u2019investiture, mercredi 24 avril 2024,.par le parti \u00ab\u00a0Insaf\u00a0\u00bb, soutenue par les partis de la majorit\u00e9, du pr\u00e9sident sortant, Mohamed Ould Ghazouani, comme candidat \u00e0 l\u2019\u00e9lection pr\u00e9sidentielle du 29 juin prochain, ferme, sans doute, le chapitre des d\u00e9clarations d\u2019intention pour cette consultation, en attendant la collecte des parrainages o\u00f9 certains rencontreront des haies difficilement surmontables pour figurer dans les starting-blocks de cette course au palais. Les raisons iront de l\u2019invocation de l\u2019emp\u00eachement judiciaire, pour l\u2019ancien pr\u00e9sident, Mohamed Ould Abdelazziz, toujours en prison, et condamn\u00e9 pour 5 ans, au d\u00e9ficit de la validation des parrainages pour d\u2019autres candidats, qui ne pourraient pas rassembler les imprescriptibles s\u00e9sames de cent conseillers municipaux ou qui manqueront, en derni\u00e8re minute, de moyens financiers pour concourir.<\/p>\n<p>&nbsp;<\/p>\n<p>Il est donc clair qu\u2019avant m\u00eame que le coup d\u2019envoi ne soit donn\u00e9, certains candidats semblent bien mieux plac\u00e9s que d\u2019autres ; le pr\u00e9sident sortant partant largement favori des pronostics. Outre le pr\u00e9sident sortant, il y a \u00e9galement les candidats Biram Dah Abeid, son outsider lors de l\u2019\u00e9lection de 2019, qui avait enregistr\u00e9 18% des suffrages exprim\u00e9s. Le plus grand parti d\u2019opposition, avec 11 d\u00e9put\u00e9s, le parti islamiste Tawassoul qui avait soutenu l\u2019ancien premier Ministre, Sidi Mohamed Ould Boubacar, 17% des voix en 2019, pr\u00e9sente pour la premi\u00e8re fois depuis 2009, un candidat issu de ses rangs. Il s\u2019agit de son pr\u00e9sident, Hamadi Ould Sid\u2019 El Moctar. Des candidates \u00e0 la candidature comme Khadija Sidine ou encore K.M. Diallo qui serait pressentie sont aussi cit\u00e9es. D\u2019autres candidats sont d\u00e9clar\u00e9s comme Mohamed Ould Mounir, pouss\u00e9 par \u00ab La Majorit\u00e9 Silencieuse \u00bb, Ba Mamadou Bocar de l\u2019Ajd\/MR, H. Moctar Kane, Al Id Mohameden Mbareck, Mouvement Espoir Mauritanie, Noureddine Mohamedou, pr\u00e9sident du Mouvement &#8221;En avant la Mauritanie&#8221;, Mohamed Lemine El Mourteji Ould El Wavi ; Dr Mohamed Cheikh, journaliste r\u00e9sidant \u00e0 Doha\u2026<\/p>\n<p>&nbsp;<\/p>\n<p><strong>Les jeux sont-ils faits?<\/strong><\/p>\n<p>Elu le 22 juin 2019, au premier tour avec 52% des voix, le pr\u00e9sident sortant, Mohamed Ould Ghazouani, qui b\u00e9n\u00e9ficie du soutien d\u2019un spectre politique assez large et disparate, pourrait aussi faire valoir un excellent bilan \u00e9conomique en raison des \u00e9normes d\u00e9fis qui l\u2019ont assailli tr\u00e8s t\u00f4t et qu\u2019il a su relever depuis son accession aux plus hautes marches de l\u2019ex\u00e9cutif. Les circonstances de cette prise de pouvoir, depuis le d\u00e9but de ses fonctions, le 01 ao\u00fbt 2019, ne se sont pas produites sous les meilleurs auspices. En effet, l\u2019accession au pouvoir intervient dans un contexte \u00e9conomique d\u00e9sastreux (surendettement ext\u00e9rieur et dilapidation des recettes publiques). Une patate chaude qui est \u00e9galement \u00e0 l\u2019origine des incompr\u00e9hensions entre le pr\u00e9sident Ghazouani et son pr\u00e9d\u00e9cesseur, Mohamed Ould Abdelaziz. A cela, il faut ajouter, la survenance d\u00e8s mars 2020 du premier cas de Covid sur le sol national. Notre pays qui a d\u00e9ploy\u00e9 d\u2019\u00e9normes moyens a officiellement enregistr\u00e9 995 morts pendant cette crise sanitaire \u00e0 l\u2019origine d\u2019une quarantaine de plusieurs mois.<\/p>\n<p>Nonobstant les d\u00e9fis, le premier quinquennat du pr\u00e9sident sortant a permis de r\u00e9tablir les \u00e9quilibres macro-\u00e9conomiques et une meilleure gouvernance la dette ext\u00e9rieure, et de susciter l\u2019espoir d\u2019une croissance \u00e0 deux chiffres avec l\u2019exploitation de nouvelles ressources naturelles. Il a surtout permis de r\u00e9tablir la confiance avec les bailleurs de fonds et les investisseurs mais aussi de cr\u00e9er les conditions de promotion et de transparence de l\u2019environnement des affaires. La situation n\u2019est, sans doute, pas parfaite mais un grand chemin a \u00e9t\u00e9 parcouru malgr\u00e9 le retard des dividendes attendus de l\u2019exploitation des ressources en gaz (GTA).\u00a0 Le legs d\u00e9sastreux a \u00e9t\u00e9 d\u00e9pass\u00e9 et une \u00e9conomie plus r\u00e9siliente a \u00e9t\u00e9 initi\u00e9e. Elle a certainement ses tares mais ses impacts positifs sont incommensurables et ont ainsi permis de financer une plus grande justice sociale \u00e0 travers les diff\u00e9rents programmes socio-\u00e9conomiques en direction des plus d\u00e9munis. Cerise sur le g\u00e2teau, depuis son av\u00e8nement aux commandes de l&#8217;Etat, le pr\u00e9sident sortant \u00e0 privil\u00e9gier le d\u00e9bat et la discussion pour apaiser le climat politique. Comme pour l&#8217;\u00e9conomie, il y a r\u00e9ussi avec beaucoup d&#8217;entrain. A noter \u00e9galement que le pr\u00e9sident, en v\u00e9ritable timonier, a r\u00e9ussi \u00e0 naviguer, sans heurts, parmi les eaux troubles de la g\u00e9opolitique r\u00e9gionale. A l\u2019\u00e9chelle continentale et internationale, l\u2019image du pays se porte encore mieux que sous les anciennes l\u00e9gislatures.<\/p>\n<blockquote class=\"wp-embedded-content\" data-secret=\"MNCEpYqUMK\"><p><a href=\"https:\/\/ladepeche.mr\/?p=9463\">Pr\u00e9sidentielle 2024: Ghazouani candidat \u00e0 sa propre succession\u00a0!<\/a><\/p><\/blockquote>\n<p><iframe loading=\"lazy\" class=\"wp-embedded-content\" sandbox=\"allow-scripts\" security=\"restricted\" style=\"position: absolute; clip: rect(1px, 1px, 1px, 1px);\" title=\"\u00ab\u00a0Pr\u00e9sidentielle 2024: Ghazouani candidat \u00e0 sa propre succession\u00a0!\u00a0\u00bb &#8212; La D\u00e9p\u00eache  de Mauritanie et du Sahel\" src=\"https:\/\/ladepeche.mr\/?p=9463&#038;embed=true#?secret=jVi7rmOv34#?secret=MNCEpYqUMK\" data-secret=\"MNCEpYqUMK\" width=\"500\" height=\"282\" frameborder=\"0\" marginwidth=\"0\" marginheight=\"0\" scrolling=\"no\"><\/iframe><\/p>\n<p><strong>Des regrets\u00a0? Oui, il y en a\u00a0!<\/strong><\/p>\n<p>\u00c9checs ou regrets\u00a0? C\u2019est selon. Parmi les piliers des engagements pr\u00e9sidentiels de 2019, le quatri\u00e8me celui de la valorisation du capital humain a p\u00e9ch\u00e9 retardant encore davantage l\u2019\u00e9mancipation et le d\u00e9veloppement escompt\u00e9 pour la jeunesse du pays qui repr\u00e9sente 70% de sa population.<\/p>\n<p>Le pr\u00e9sident sortant a \u00e9t\u00e9, lui-m\u00eame, plusieurs fois interpel\u00e9 sur ces questions avec en toile de fonds les grandes vagues migratoires de plus de 14.000 jeunes mauritaniens rien qu\u2019aux Etats-Unis.<\/p>\n<p>Le ch\u00f4mage end\u00e9mique qui frappe un jeune mauritanien sur trois est particuli\u00e8rement pr\u00e9occupant au moment o\u00f9 l\u2019acc\u00e8s aux emplois publics ne d\u00e9roge pas encore au client\u00e9lisme d\u2019antan. Pire encore, dans notre pays, les jeunes entre 14-35 ans, ne seraient ni employ\u00e9s, ni dans l\u2019enseignement alors que 48% des ch\u00f4meurs seraient des femmes. Dans un r\u00e9cent entretien avec Jeune Afrique, le pr\u00e9sident Ghazouani a promis d\u2019en inverser la tendance. Plusieurs partenaires comme l\u2019Ue \u2013pour att\u00e9nuer la migration- ont \u00e9galement promis d\u2019apporter leur pierre \u00e0 d\u2019\u00e9difice.<\/p>\n<p>Comme la sant\u00e9, le syst\u00e8me \u00e9ducatif, malgr\u00e9 la r\u00e9forme stagne toujours, pataugeant dans d\u2019inextricables freins d\u00e9ploy\u00e9s pour le plomber pour de bon. Comme pour le secteur de la sant\u00e9 dans les ann\u00e9es 80, la lib\u00e9ralisation de l\u2019enseignement a d\u00e9truit le secteur public pour en siphonner les profs, les \u00e9tudiants et les sous des parents d\u2019\u00e9l\u00e8ves an\u00e9antissant encore la classe moyenne dans le pays. Une OPA qui ne dit pas son nom au d\u00e9triment de l\u2019Etat et des citoyens. Les r\u00e9sultats de la formation n\u2019accompagnent pas cette saign\u00e9e. L\u2019\u00e9ducation est bien loin des engagements du Forum Mondial sur l\u2019\u00e9duction (FME) de 2015. De l\u2019avis d\u2019expertises nationales\u00a0: \u00ab\u00a0Le PIB relatif \u00e0 l&#8217;\u00e9ducation reste bloqu\u00e9 \u00e0 1,9% contre 4 \u00e06% pr\u00e9vu par le FME et que le budget de l&#8217;\u00e9ducation ne parvient pas \u00e0 d\u00e9passer 10,4% du budget g\u00e9n\u00e9ral alors que le FME proposait encore 15 \u00e0 20% du total des d\u00e9penses publiques \u00e0 l&#8217;\u00e9ducation.<br \/>\nToute ces questions concernent et interpellent aujourd\u2019hui la jeunesse qui y joue son avenir. La th\u00e9matique de la jeunesse, en sus des sempiternelles questions sociales, occupera certainement une plus grande acuit\u00e9 dans le d\u00e9bat politique de la future pr\u00e9sidentielle.<\/p>\n<p>Plusieurs mouvements de diverses familles politiques, qui entendent enfourcher la monture de la jeunesse pour esp\u00e9rer racler avec la derni\u00e8re \u00e9cuelle les dividendes d\u2019un soutien \u00e0 la r\u00e9ussite presque assur\u00e9e du pr\u00e9sident sortant, risquent d\u2019en d\u00e9tourner le fondement. Les enjeux restent donc \u00e9normes pour tous.<\/p>\n<p>Il est donc difficile, voire improbable, malgr\u00e9 les inconv\u00e9nients du premier quinquennat, d\u2019entrevoir la future \u00e9lection sans une victoire, au premier tour, du pr\u00e9sident sortant. Mais en attendant d\u2019en consolider \u00e9ventuellement les acquis lors du prochain quinquennat, le plus grand d\u00e9fi restera d\u2019\u00e9viter les travers de la gestion du scrutin par la CENI.<\/p>\n<p>Des travers que les candidats en lice disent rejeter d\u2019embl\u00e9e pour s\u2019en tenir \u00e0 une \u00e9lection transparence et inclusive garantissant une impartialit\u00e9 de l\u2019Administration publique dans la gestion du processus.<\/p>\n<p>Jedna DEIDA<\/p>\n<p>&nbsp;<\/p>\n<p><strong>\u00a0<\/strong><\/p>\n","protected":false},"excerpt":{"rendered":"<p>Au moins neuf candidats dont le pr\u00e9sident sortant, Mohamed Ould Ghazouani, t\u00e9moignent de leurs volont\u00e9s de briguer le suffrage des mauritaniens. Mais tous ne sont pas log\u00e9s \u00e0 la m\u00eame enseigne\u00a0! L\u2019investiture, mercredi 24 avril 2024,.par le parti \u00ab\u00a0Insaf\u00a0\u00bb, soutenue par les partis de la majorit\u00e9, du pr\u00e9sident sortant, Mohamed Ould Ghazouani, comme candidat \u00e0 &hellip;<\/p>\n","protected":false},"author":2,"featured_media":9543,"comment_status":"open","ping_status":"open","sticky":false,"template":"","format":"standard","meta":{"footnotes":""},"categories":[18],"tags":[],"class_list":["post-9542","post","type-post","status-publish","format-standard","has-post-thumbnail","hentry","category-actualites"],"_links":{"self":[{"href":"https:\/\/ladepeche.mr\/index.php?rest_route=\/wp\/v2\/posts\/9542","targetHints":{"allow":["GET"]}}],"collection":[{"href":"https:\/\/ladepeche.mr\/index.php?rest_route=\/wp\/v2\/posts"}],"about":[{"href":"https:\/\/ladepeche.mr\/index.php?rest_route=\/wp\/v2\/types\/post"}],"author":[{"embeddable":true,"href":"https:\/\/ladepeche.mr\/index.php?rest_route=\/wp\/v2\/users\/2"}],"replies":[{"embeddable":true,"href":"https:\/\/ladepeche.mr\/index.php?rest_route=%2Fwp%2Fv2%2Fcomments&post=9542"}],"version-history":[{"count":5,"href":"https:\/\/ladepeche.mr\/index.php?rest_route=\/wp\/v2\/posts\/9542\/revisions"}],"predecessor-version":[{"id":9555,"href":"https:\/\/ladepeche.mr\/index.php?rest_route=\/wp\/v2\/posts\/9542\/revisions\/9555"}],"wp:featuredmedia":[{"embeddable":true,"href":"https:\/\/ladepeche.mr\/index.php?rest_route=\/wp\/v2\/media\/9543"}],"wp:attachment":[{"href":"https:\/\/ladepeche.mr\/index.php?rest_route=%2Fwp%2Fv2%2Fmedia&parent=9542"}],"wp:term":[{"taxonomy":"category","embeddable":true,"href":"https:\/\/ladepeche.mr\/index.php?rest_route=%2Fwp%2Fv2%2Fcategories&post=9542"},{"taxonomy":"post_tag","embeddable":true,"href":"https:\/\/ladepeche.mr\/index.php?rest_route=%2Fwp%2Fv2%2Ftags&post=9542"}],"curies":[{"name":"wp","href":"https:\/\/api.w.org\/{rel}","templated":true}]}}