{"id":9547,"date":"2024-05-08T17:56:55","date_gmt":"2024-05-08T17:56:55","guid":{"rendered":"https:\/\/ladepeche.mr\/?p=9547"},"modified":"2024-05-08T22:58:52","modified_gmt":"2024-05-08T22:58:52","slug":"secheresse-a-lest-du-pays-deux-enfants-seraient-morts-de-faim-maire","status":"publish","type":"post","link":"https:\/\/ladepeche.mr\/?p=9547","title":{"rendered":"S\u00e9cheresse \u00e0 l&#8217;Est du pays: Deux enfants seraient morts de faim (maire)"},"content":{"rendered":"<p>Au moins deux enfants sont morts de faim dans le village d&#8217;Anawal, d\u00e9pendant de la moughataa de N\u00e9ma, \u00e0 l\u2019extr\u00eame Est de la Mauritanie, rapportent des confr\u00e8res citant le maire de la commune rurale en question.<\/p>\n<p>Selon le maire de la localit\u00e9, Cheykhatt Ould Mohamed Ould Blat, \u00a0dans une d\u00e9claration faite \u00a0\u00e0 nos confr\u00e8res de alakhbar, ils seraient au moins deux enfants \u00e0 mourir de faim dans cette municipalit\u00e9 pendant que d&#8217;autres enfants seraient encore confront\u00e9s au m\u00eame spectre. Un parmi les enfants concern\u00e9s, un enfant serait dans un critique alors quatre autres n\u00e9cessiteraient une intervention urgente.<\/p>\n<p>Le maire a adress\u00e9 un appel urgent aux autorit\u00e9s officielles et \u00e0 toutes les organisations caritatives pour qu&#8217;elles interviennent d&#8217;urgence dans la municipalit\u00e9 et sauvent les habitants de la faim et de la s\u00e9cheresse qui frappe la municipalit\u00e9 et met \u00a0en danger la vie des habitants.<\/p>\n<p>Le maire a ajout\u00e9 que les habitants d\u00e9pendaient du b\u00e9tail pour leur subsistance quotidienne et qu&#8217;ils sont morts \u00e0 cause de la s\u00e9cheresse ou parce qu\u2019ils se sont d\u00e9plac\u00e9s vers des endroits \u00e9loign\u00e9s \u00e0 la recherche de p\u00e2turages.<\/p>\n<p>Ould Blat a soulign\u00e9 que la situation g\u00e9n\u00e9rale de la population, en particulier des enfants, n\u00e9cessite une intervention urgente et globale, pour les sauver de l&#8217;ins\u00e9curit\u00e9 alimentaire.<\/p>\n","protected":false},"excerpt":{"rendered":"<p>Au moins deux enfants sont morts de faim dans le village d&#8217;Anawal, d\u00e9pendant de la moughataa de N\u00e9ma, \u00e0 l\u2019extr\u00eame Est de la Mauritanie, rapportent des confr\u00e8res citant le maire de la commune rurale en question. Selon le maire de la localit\u00e9, Cheykhatt Ould Mohamed Ould Blat, \u00a0dans une d\u00e9claration faite \u00a0\u00e0 nos confr\u00e8res de &hellip;<\/p>\n","protected":false},"author":2,"featured_media":6559,"comment_status":"open","ping_status":"open","sticky":false,"template":"","format":"standard","meta":{"footnotes":""},"categories":[18,27],"tags":[],"class_list":["post-9547","post","type-post","status-publish","format-standard","has-post-thumbnail","hentry","category-actualites","category-sante"],"_links":{"self":[{"href":"https:\/\/ladepeche.mr\/index.php?rest_route=\/wp\/v2\/posts\/9547","targetHints":{"allow":["GET"]}}],"collection":[{"href":"https:\/\/ladepeche.mr\/index.php?rest_route=\/wp\/v2\/posts"}],"about":[{"href":"https:\/\/ladepeche.mr\/index.php?rest_route=\/wp\/v2\/types\/post"}],"author":[{"embeddable":true,"href":"https:\/\/ladepeche.mr\/index.php?rest_route=\/wp\/v2\/users\/2"}],"replies":[{"embeddable":true,"href":"https:\/\/ladepeche.mr\/index.php?rest_route=%2Fwp%2Fv2%2Fcomments&post=9547"}],"version-history":[{"count":3,"href":"https:\/\/ladepeche.mr\/index.php?rest_route=\/wp\/v2\/posts\/9547\/revisions"}],"predecessor-version":[{"id":9557,"href":"https:\/\/ladepeche.mr\/index.php?rest_route=\/wp\/v2\/posts\/9547\/revisions\/9557"}],"wp:featuredmedia":[{"embeddable":true,"href":"https:\/\/ladepeche.mr\/index.php?rest_route=\/wp\/v2\/media\/6559"}],"wp:attachment":[{"href":"https:\/\/ladepeche.mr\/index.php?rest_route=%2Fwp%2Fv2%2Fmedia&parent=9547"}],"wp:term":[{"taxonomy":"category","embeddable":true,"href":"https:\/\/ladepeche.mr\/index.php?rest_route=%2Fwp%2Fv2%2Fcategories&post=9547"},{"taxonomy":"post_tag","embeddable":true,"href":"https:\/\/ladepeche.mr\/index.php?rest_route=%2Fwp%2Fv2%2Ftags&post=9547"}],"curies":[{"name":"wp","href":"https:\/\/api.w.org\/{rel}","templated":true}]}}