{"id":9549,"date":"2024-05-08T18:21:12","date_gmt":"2024-05-08T18:21:12","guid":{"rendered":"https:\/\/ladepeche.mr\/?p=9549"},"modified":"2024-05-08T18:21:12","modified_gmt":"2024-05-08T18:21:12","slug":"education-deux-cents-instituteurs-mis-en-demeure-de-rejoindre-leurs-postes","status":"publish","type":"post","link":"https:\/\/ladepeche.mr\/?p=9549","title":{"rendered":"Education\u00a0: deux cents instituteurs mis en demeure de rejoindre leurs postes"},"content":{"rendered":"<p>Le minist\u00e8re de l\u2019\u00e9ducation nationale et de la r\u00e9forme et de la r\u00e9forme du syst\u00e8me \u00e9ducatif a rendu public, mercredi, un avis de mise en demeure, enjoignant \u00e0 plus de 200 instituteurs de rejoindre leurs postes de travail dans les 72 de la diffusion du communiqu\u00e9 pr\u00e9cit\u00e9.<\/p>\n<p>Les instituteurs absents depuis le d\u00e9but de l\u2019ann\u00e9e n\u2019avaient pas obtemp\u00e9rer \u00e0 deux autres communiqu\u00e9s rendus publics par la tutelle.<\/p>\n<p>N\u00e9anmoins, celle-ci menace qu\u2019\u00e0 l\u2019issue de ce d\u00e9lai imparti, elle entamera la proc\u00e9dure de radiation des instituteurs absent\u00e9istes sauf ceux disposant d&#8217;un justificatif l\u00e9gal d\u2019absence.<\/p>\n","protected":false},"excerpt":{"rendered":"<p>Le minist\u00e8re de l\u2019\u00e9ducation nationale et de la r\u00e9forme et de la r\u00e9forme du syst\u00e8me \u00e9ducatif a rendu public, mercredi, un avis de mise en demeure, enjoignant \u00e0 plus de 200 instituteurs de rejoindre leurs postes de travail dans les 72 de la diffusion du communiqu\u00e9 pr\u00e9cit\u00e9. Les instituteurs absents depuis le d\u00e9but de l\u2019ann\u00e9e &hellip;<\/p>\n","protected":false},"author":2,"featured_media":9550,"comment_status":"open","ping_status":"open","sticky":false,"template":"","format":"standard","meta":{"footnotes":""},"categories":[18,15],"tags":[],"class_list":["post-9549","post","type-post","status-publish","format-standard","has-post-thumbnail","hentry","category-actualites","category-culture"],"_links":{"self":[{"href":"https:\/\/ladepeche.mr\/index.php?rest_route=\/wp\/v2\/posts\/9549","targetHints":{"allow":["GET"]}}],"collection":[{"href":"https:\/\/ladepeche.mr\/index.php?rest_route=\/wp\/v2\/posts"}],"about":[{"href":"https:\/\/ladepeche.mr\/index.php?rest_route=\/wp\/v2\/types\/post"}],"author":[{"embeddable":true,"href":"https:\/\/ladepeche.mr\/index.php?rest_route=\/wp\/v2\/users\/2"}],"replies":[{"embeddable":true,"href":"https:\/\/ladepeche.mr\/index.php?rest_route=%2Fwp%2Fv2%2Fcomments&post=9549"}],"version-history":[{"count":1,"href":"https:\/\/ladepeche.mr\/index.php?rest_route=\/wp\/v2\/posts\/9549\/revisions"}],"predecessor-version":[{"id":9551,"href":"https:\/\/ladepeche.mr\/index.php?rest_route=\/wp\/v2\/posts\/9549\/revisions\/9551"}],"wp:featuredmedia":[{"embeddable":true,"href":"https:\/\/ladepeche.mr\/index.php?rest_route=\/wp\/v2\/media\/9550"}],"wp:attachment":[{"href":"https:\/\/ladepeche.mr\/index.php?rest_route=%2Fwp%2Fv2%2Fmedia&parent=9549"}],"wp:term":[{"taxonomy":"category","embeddable":true,"href":"https:\/\/ladepeche.mr\/index.php?rest_route=%2Fwp%2Fv2%2Fcategories&post=9549"},{"taxonomy":"post_tag","embeddable":true,"href":"https:\/\/ladepeche.mr\/index.php?rest_route=%2Fwp%2Fv2%2Ftags&post=9549"}],"curies":[{"name":"wp","href":"https:\/\/api.w.org\/{rel}","templated":true}]}}