{"id":9558,"date":"2024-05-09T01:23:23","date_gmt":"2024-05-09T01:23:23","guid":{"rendered":"https:\/\/ladepeche.mr\/?p=9558"},"modified":"2024-05-09T01:23:23","modified_gmt":"2024-05-09T01:23:23","slug":"fait-divers-un-gerant-dune-agence-bankily-blesse-a-larme-blanche","status":"publish","type":"post","link":"https:\/\/ladepeche.mr\/?p=9558","title":{"rendered":"Fait divers\u00a0: Un g\u00e9rant d\u2019une agence \u00ab\u00a0Bankily\u00bb bless\u00e9 \u00e0 l&#8217;arme blanche"},"content":{"rendered":"<p>Le g\u00e9rant d\u2019un guichet d\u2019agence \u00ab Bankily\u00bb, \u00e0 Dar Naim, a \u00e9t\u00e9 victime d\u2019une attaque \u00e0 l\u2019arme blanche par un assaillant qui, sans doute faisait le guet, en attendant le moment propice pour mener son forfait.<\/p>\n<p>Selon des t\u00e9moins oculaires, l\u2019assaillant aurait d\u2019abord ass\u00e9n\u00e9 un coup de couteau au g\u00e9rant avant de voler une somme d&#8217;argent contenue dans un sac que le g\u00e9rant emportait avec lui \u00e0 la fermeture des lieux, un peu avant le cr\u00e9puscule.<\/p>\n<p>Le jeune homme bless\u00e9 a \u00e9t\u00e9 transport\u00e9 pour des soins d\u2019urgence dans une structure sanitaire sise dans le m\u00eame quartier.<\/p>\n<p>Le voleur qui sans doute \u00e9tait au courant des habitudes du g\u00e9rant du guichet &#8220;Bankily&#8221; a ensuite pris la fuite emportant son butin.<\/p>\n<p>Une enqu\u00eate judiciaire a \u00e9t\u00e9 ouverte pour retrouver l\u2019assaillant.<\/p>\n<p>&nbsp;<\/p>\n","protected":false},"excerpt":{"rendered":"<p>Le g\u00e9rant d\u2019un guichet d\u2019agence \u00ab Bankily\u00bb, \u00e0 Dar Naim, a \u00e9t\u00e9 victime d\u2019une attaque \u00e0 l\u2019arme blanche par un assaillant qui, sans doute faisait le guet, en attendant le moment propice pour mener son forfait. Selon des t\u00e9moins oculaires, l\u2019assaillant aurait d\u2019abord ass\u00e9n\u00e9 un coup de couteau au g\u00e9rant avant de voler une somme &hellip;<\/p>\n","protected":false},"author":2,"featured_media":9559,"comment_status":"open","ping_status":"open","sticky":false,"template":"","format":"standard","meta":{"footnotes":""},"categories":[18],"tags":[],"class_list":["post-9558","post","type-post","status-publish","format-standard","has-post-thumbnail","hentry","category-actualites"],"_links":{"self":[{"href":"https:\/\/ladepeche.mr\/index.php?rest_route=\/wp\/v2\/posts\/9558","targetHints":{"allow":["GET"]}}],"collection":[{"href":"https:\/\/ladepeche.mr\/index.php?rest_route=\/wp\/v2\/posts"}],"about":[{"href":"https:\/\/ladepeche.mr\/index.php?rest_route=\/wp\/v2\/types\/post"}],"author":[{"embeddable":true,"href":"https:\/\/ladepeche.mr\/index.php?rest_route=\/wp\/v2\/users\/2"}],"replies":[{"embeddable":true,"href":"https:\/\/ladepeche.mr\/index.php?rest_route=%2Fwp%2Fv2%2Fcomments&post=9558"}],"version-history":[{"count":1,"href":"https:\/\/ladepeche.mr\/index.php?rest_route=\/wp\/v2\/posts\/9558\/revisions"}],"predecessor-version":[{"id":9560,"href":"https:\/\/ladepeche.mr\/index.php?rest_route=\/wp\/v2\/posts\/9558\/revisions\/9560"}],"wp:featuredmedia":[{"embeddable":true,"href":"https:\/\/ladepeche.mr\/index.php?rest_route=\/wp\/v2\/media\/9559"}],"wp:attachment":[{"href":"https:\/\/ladepeche.mr\/index.php?rest_route=%2Fwp%2Fv2%2Fmedia&parent=9558"}],"wp:term":[{"taxonomy":"category","embeddable":true,"href":"https:\/\/ladepeche.mr\/index.php?rest_route=%2Fwp%2Fv2%2Fcategories&post=9558"},{"taxonomy":"post_tag","embeddable":true,"href":"https:\/\/ladepeche.mr\/index.php?rest_route=%2Fwp%2Fv2%2Ftags&post=9558"}],"curies":[{"name":"wp","href":"https:\/\/api.w.org\/{rel}","templated":true}]}}