{"id":9585,"date":"2024-05-11T18:52:15","date_gmt":"2024-05-11T18:52:15","guid":{"rendered":"https:\/\/ladepeche.mr\/?p=9585"},"modified":"2024-05-11T18:52:15","modified_gmt":"2024-05-11T18:52:15","slug":"sante-ghazouani-inaugure-le-centre-regional-de-transfusion-sanguine-de-kiffa-premier-du-genre","status":"publish","type":"post","link":"https:\/\/ladepeche.mr\/?p=9585","title":{"rendered":"Sant\u00e9: Ghazouani inaugure le centre  r\u00e9gional de transfusion sanguine de Kiffa, premier du genre"},"content":{"rendered":"<p>Son Excellence le Pr\u00e9sident de la R\u00e9publique , Monsieur Mohamed Ould Cheikh El Ghazouani, a inaugur\u00e9, samedi \u00e0 Kiffa, le premier du genre au niveau r\u00e9gional et le deuxi\u00e8me au niveau national, apr\u00e8s le centre national de transfusion sanguine de Nouakchott.<br \/>\nLe centre est \u00e9quip\u00e9 d&#8217;une plateforme technique et d&#8217;\u00e9quipements de pointe r\u00e9pondant aux exigences de qualit\u00e9 en mati\u00e8re de s\u00e9curit\u00e9 des transfusions sanguines, ce qui constitue une contribution de qualit\u00e9 pour renforcer les services de sant\u00e9 dans le domaine des th\u00e9rapies biologiques.<\/p>\n<p>Cette infrastructure r\u00e9gionale devrait permettre d&#8217;approvisionner les wilayas du Hodh El Gharbi, du Hodh El Charghi et du Tagant en d\u00e9riv\u00e9s du sang (Concentr\u00e9s de Globules Rouges , concentr\u00e9s de plaquettes et plasma frais congel\u00e9) . Il aura \u00e9galement la capacit\u00e9 de faire le fractionnement du sang qui ne se faisait qu&#8217;\u00e0 Nouakchott.<\/p>\n<p>Cette initiative s&#8217;inscrit dans le cadre d&#8217;un programme d&#8217;action visant la mise en place de centres r\u00e9gionaux de transfusion sanguine (CRTS) \u00e0 N\u00e9ma, Aioun, Tijikja, Atar, Ka\u00e9di et Nouadhibou, afin de permettre \u00e0 ces h\u00f4pitaux d&#8217;offrir de meilleurs soins aux patients, contribuant ainsi \u00e0 la r\u00e9duction de la mortalit\u00e9 maternelle due aux h\u00e9morragies avant et apr\u00e8s l&#8217;accouchement, la mortalit\u00e9 infantile due \u00e0 l&#8217;an\u00e9mie aigu\u00eb et les d\u00e9c\u00e8s dus aux accidents de la route, s&#8217;y ajoute d&#8217;autres causes telles que les fi\u00e8vres h\u00e9morragiques virales<\/p>\n","protected":false},"excerpt":{"rendered":"<p>Son Excellence le Pr\u00e9sident de la R\u00e9publique , Monsieur Mohamed Ould Cheikh El Ghazouani, a inaugur\u00e9, samedi \u00e0 Kiffa, le premier du genre au niveau r\u00e9gional et le deuxi\u00e8me au niveau national, apr\u00e8s le centre national de transfusion sanguine de Nouakchott. Le centre est \u00e9quip\u00e9 d&#8217;une plateforme technique et d&#8217;\u00e9quipements de pointe r\u00e9pondant aux exigences &hellip;<\/p>\n","protected":false},"author":2,"featured_media":9586,"comment_status":"open","ping_status":"open","sticky":false,"template":"","format":"standard","meta":{"footnotes":""},"categories":[18,27],"tags":[],"class_list":["post-9585","post","type-post","status-publish","format-standard","has-post-thumbnail","hentry","category-actualites","category-sante"],"_links":{"self":[{"href":"https:\/\/ladepeche.mr\/index.php?rest_route=\/wp\/v2\/posts\/9585","targetHints":{"allow":["GET"]}}],"collection":[{"href":"https:\/\/ladepeche.mr\/index.php?rest_route=\/wp\/v2\/posts"}],"about":[{"href":"https:\/\/ladepeche.mr\/index.php?rest_route=\/wp\/v2\/types\/post"}],"author":[{"embeddable":true,"href":"https:\/\/ladepeche.mr\/index.php?rest_route=\/wp\/v2\/users\/2"}],"replies":[{"embeddable":true,"href":"https:\/\/ladepeche.mr\/index.php?rest_route=%2Fwp%2Fv2%2Fcomments&post=9585"}],"version-history":[{"count":1,"href":"https:\/\/ladepeche.mr\/index.php?rest_route=\/wp\/v2\/posts\/9585\/revisions"}],"predecessor-version":[{"id":9587,"href":"https:\/\/ladepeche.mr\/index.php?rest_route=\/wp\/v2\/posts\/9585\/revisions\/9587"}],"wp:featuredmedia":[{"embeddable":true,"href":"https:\/\/ladepeche.mr\/index.php?rest_route=\/wp\/v2\/media\/9586"}],"wp:attachment":[{"href":"https:\/\/ladepeche.mr\/index.php?rest_route=%2Fwp%2Fv2%2Fmedia&parent=9585"}],"wp:term":[{"taxonomy":"category","embeddable":true,"href":"https:\/\/ladepeche.mr\/index.php?rest_route=%2Fwp%2Fv2%2Fcategories&post=9585"},{"taxonomy":"post_tag","embeddable":true,"href":"https:\/\/ladepeche.mr\/index.php?rest_route=%2Fwp%2Fv2%2Ftags&post=9585"}],"curies":[{"name":"wp","href":"https:\/\/api.w.org\/{rel}","templated":true}]}}