{"id":9594,"date":"2024-05-14T15:05:50","date_gmt":"2024-05-14T15:05:50","guid":{"rendered":"https:\/\/ladepeche.mr\/?p=9594"},"modified":"2024-05-14T15:05:50","modified_gmt":"2024-05-14T15:05:50","slug":"le-mali-veut-composer-avec-la-mauritanie-pour-des-mesures-de-securite-concretes-et-decrisper-les-tensions","status":"publish","type":"post","link":"https:\/\/ladepeche.mr\/?p=9594","title":{"rendered":"Le Mali veut composer avec la Mauritanie pour des \u00ab mesures de s\u00e9curit\u00e9 concr\u00e8tes \u00bb et d\u00e9crisper les tensions"},"content":{"rendered":"<h6>Alors que le Mali poursuit ses travaux de partenariat dans la guerre contre le terrorisme, la s\u00e9curisation du pays et son d\u00e9veloppement, il a d\u00e9p\u00each\u00e9 une d\u00e9l\u00e9gation<\/h6>\n<p>Dans un message publi\u00e9 sur X, l\u2019arm\u00e9e malienne a indiqu\u00e9 que sa d\u00e9l\u00e9gation en Mauritanie dans le but de discussions port\u00e9es sur la coop\u00e9ration militaire entre les deux voisins.<\/p>\n<p>Une d\u00e9l\u00e9gation militaire malienne conduite par le chef d\u2019\u00c9tat major g\u00e9n\u00e9ral des arm\u00e9es s\u2019est rendue \u00e0 Nouakchott le 9 mai. Cette \u00ab\u00a0visite d\u2019amiti\u00e9 et de travail\u00a0\u00bb a port\u00e9 sur la coop\u00e9ration militaire entre les deux voisins, a fait savoir l\u2019arm\u00e9e malienne sur ses r\u00e9seaux sociaux. \u00ab\u00a0La rencontre a permis de passer en revue les pr\u00e9occupations s\u00e9curitaires des deux pays et d\u2019entrevoir des solutions durables pour la s\u00e9curisation de la fronti\u00e8re commune\u00a0\u00bb, a-t-elle d\u00e9velopp\u00e9 dans son message.<\/p>\n<div class=\"article__body\">\n<div class=\"article__block\" data-type=\"text\">\n<div class=\"article__text\">Les parties ont discut\u00e9 la mise en place d\u2019un m\u00e9canisme permettant d\u2019\u00e9viter des incidents r\u00e9p\u00e9titifs le long de la fronti\u00e8re. Les deux d\u00e9l\u00e9gations tiennent \u00e0 s\u2019entendre sur des \u00ab\u00a0mesures de s\u00e9curit\u00e9 concr\u00e8tes\u00a0\u00bb pour garantir le retour au calme sur la ligne frontali\u00e8re, assure Bamako.<\/div>\n<div>https:\/\/actucameroun.com\/2024\/05\/13\/le-mali-va-composer-avec-la-mauritanie-pour-des-mesures-de-securite-concretes\/#google_vignette<\/div>\n<\/div>\n<\/div>\n","protected":false},"excerpt":{"rendered":"<p>Alors que le Mali poursuit ses travaux de partenariat dans la guerre contre le terrorisme, la s\u00e9curisation du pays et son d\u00e9veloppement, il a d\u00e9p\u00each\u00e9 une d\u00e9l\u00e9gation Dans un message publi\u00e9 sur X, l\u2019arm\u00e9e malienne a indiqu\u00e9 que sa d\u00e9l\u00e9gation en Mauritanie dans le but de discussions port\u00e9es sur la coop\u00e9ration militaire entre les deux &hellip;<\/p>\n","protected":false},"author":2,"featured_media":9595,"comment_status":"open","ping_status":"open","sticky":false,"template":"","format":"standard","meta":{"footnotes":""},"categories":[18,28],"tags":[],"class_list":["post-9594","post","type-post","status-publish","format-standard","has-post-thumbnail","hentry","category-actualites","category-sahel"],"_links":{"self":[{"href":"https:\/\/ladepeche.mr\/index.php?rest_route=\/wp\/v2\/posts\/9594","targetHints":{"allow":["GET"]}}],"collection":[{"href":"https:\/\/ladepeche.mr\/index.php?rest_route=\/wp\/v2\/posts"}],"about":[{"href":"https:\/\/ladepeche.mr\/index.php?rest_route=\/wp\/v2\/types\/post"}],"author":[{"embeddable":true,"href":"https:\/\/ladepeche.mr\/index.php?rest_route=\/wp\/v2\/users\/2"}],"replies":[{"embeddable":true,"href":"https:\/\/ladepeche.mr\/index.php?rest_route=%2Fwp%2Fv2%2Fcomments&post=9594"}],"version-history":[{"count":1,"href":"https:\/\/ladepeche.mr\/index.php?rest_route=\/wp\/v2\/posts\/9594\/revisions"}],"predecessor-version":[{"id":9596,"href":"https:\/\/ladepeche.mr\/index.php?rest_route=\/wp\/v2\/posts\/9594\/revisions\/9596"}],"wp:featuredmedia":[{"embeddable":true,"href":"https:\/\/ladepeche.mr\/index.php?rest_route=\/wp\/v2\/media\/9595"}],"wp:attachment":[{"href":"https:\/\/ladepeche.mr\/index.php?rest_route=%2Fwp%2Fv2%2Fmedia&parent=9594"}],"wp:term":[{"taxonomy":"category","embeddable":true,"href":"https:\/\/ladepeche.mr\/index.php?rest_route=%2Fwp%2Fv2%2Fcategories&post=9594"},{"taxonomy":"post_tag","embeddable":true,"href":"https:\/\/ladepeche.mr\/index.php?rest_route=%2Fwp%2Fv2%2Ftags&post=9594"}],"curies":[{"name":"wp","href":"https:\/\/api.w.org\/{rel}","templated":true}]}}