{"id":9600,"date":"2024-05-14T17:58:47","date_gmt":"2024-05-14T17:58:47","guid":{"rendered":"https:\/\/ladepeche.mr\/?p=9600"},"modified":"2024-05-14T18:06:15","modified_gmt":"2024-05-14T18:06:15","slug":"convention-detablissements-vers-des-procedures-assouplies","status":"publish","type":"post","link":"https:\/\/ladepeche.mr\/?p=9600","title":{"rendered":"Convention d\u2019\u00e9tablissements\u00a0: Vers des proc\u00e9dures assouplies"},"content":{"rendered":"<p>Le conseil des ministres a d\u00e9cid\u00e9 lors de sa derni\u00e8re r\u00e9union de r\u00e9organiser le processus d\u2019approbations des conventions d\u2019\u00e9tablissement afin d\u2019encourager les investissements sur place dans le pays.<\/p>\n<p>Le projet de d\u00e9cret qui r\u00e9organise le cadre juridique et organisationnel pr\u00e9voit la mise en place d\u2019un comit\u00e9 interminist\u00e9riel pr\u00e9sid\u00e9 par le premier Ministre, d\u00e9sormais charg\u00e9 de piloter le processus des conventions d\u2019\u00e9tablissement jusqu\u2019\u00e0 la d\u00e9livrance des agr\u00e9ments au profit des requ\u00e9rants.<\/p>\n<p>La convention d\u2019\u00e9tablissement est un trait\u00e9 conventionnel entre les parties fixant les conditions de l&#8217;activit\u00e9 d&#8217;une entreprise sur le territoire national.<\/p>\n<p>Cette initiative de la pr\u00e9sidence de la R\u00e9publique vient en renfort aux efforts d\u00e9ploy\u00e9s par l\u2019Agence pour la Promotion des Investissements en Mauritanie (APIM) dont l\u2019une des missions est \u00abd\u2019accompagner les investisseurs dans leurs d\u00e9marches d\u2019obtention de Certificat d\u2019agr\u00e9ment \u00e0 l\u2019investissement et dans les d\u00e9marches administratives li\u00e9es \u00e0 l\u2019investissement aupr\u00e8s des services concern\u00e9s<strong>\u00bb.<\/strong><\/p>\n","protected":false},"excerpt":{"rendered":"<p>Le conseil des ministres a d\u00e9cid\u00e9 lors de sa derni\u00e8re r\u00e9union de r\u00e9organiser le processus d\u2019approbations des conventions d\u2019\u00e9tablissement afin d\u2019encourager les investissements sur place dans le pays. Le projet de d\u00e9cret qui r\u00e9organise le cadre juridique et organisationnel pr\u00e9voit la mise en place d\u2019un comit\u00e9 interminist\u00e9riel pr\u00e9sid\u00e9 par le premier Ministre, d\u00e9sormais charg\u00e9 de &hellip;<\/p>\n","protected":false},"author":2,"featured_media":8932,"comment_status":"open","ping_status":"open","sticky":false,"template":"","format":"standard","meta":{"footnotes":""},"categories":[18,2],"tags":[],"class_list":["post-9600","post","type-post","status-publish","format-standard","has-post-thumbnail","hentry","category-actualites","category-economie"],"_links":{"self":[{"href":"https:\/\/ladepeche.mr\/index.php?rest_route=\/wp\/v2\/posts\/9600","targetHints":{"allow":["GET"]}}],"collection":[{"href":"https:\/\/ladepeche.mr\/index.php?rest_route=\/wp\/v2\/posts"}],"about":[{"href":"https:\/\/ladepeche.mr\/index.php?rest_route=\/wp\/v2\/types\/post"}],"author":[{"embeddable":true,"href":"https:\/\/ladepeche.mr\/index.php?rest_route=\/wp\/v2\/users\/2"}],"replies":[{"embeddable":true,"href":"https:\/\/ladepeche.mr\/index.php?rest_route=%2Fwp%2Fv2%2Fcomments&post=9600"}],"version-history":[{"count":2,"href":"https:\/\/ladepeche.mr\/index.php?rest_route=\/wp\/v2\/posts\/9600\/revisions"}],"predecessor-version":[{"id":9603,"href":"https:\/\/ladepeche.mr\/index.php?rest_route=\/wp\/v2\/posts\/9600\/revisions\/9603"}],"wp:featuredmedia":[{"embeddable":true,"href":"https:\/\/ladepeche.mr\/index.php?rest_route=\/wp\/v2\/media\/8932"}],"wp:attachment":[{"href":"https:\/\/ladepeche.mr\/index.php?rest_route=%2Fwp%2Fv2%2Fmedia&parent=9600"}],"wp:term":[{"taxonomy":"category","embeddable":true,"href":"https:\/\/ladepeche.mr\/index.php?rest_route=%2Fwp%2Fv2%2Fcategories&post=9600"},{"taxonomy":"post_tag","embeddable":true,"href":"https:\/\/ladepeche.mr\/index.php?rest_route=%2Fwp%2Fv2%2Ftags&post=9600"}],"curies":[{"name":"wp","href":"https:\/\/api.w.org\/{rel}","templated":true}]}}