{"id":9604,"date":"2024-05-14T19:18:56","date_gmt":"2024-05-14T19:18:56","guid":{"rendered":"https:\/\/ladepeche.mr\/?p=9604"},"modified":"2024-05-16T15:44:29","modified_gmt":"2024-05-16T15:44:29","slug":"asecna-ghazouani-apporte-son-soutien-a-la-candidature-du-tchad","status":"publish","type":"post","link":"https:\/\/ladepeche.mr\/?p=9604","title":{"rendered":"Asecna\u00a0: Ghazouani apporte son soutien \u00e0 la candidature du Tchad"},"content":{"rendered":"<p>La Mauritanie a apport\u00e9 son soutien agissant \u00e0 la candidature du Tchad au poste de Directeur G\u00e9n\u00e9ral de l\u2019Agence pour la S\u00e9curit\u00e9 de la Navigation A\u00e9rienne, annonce officiellement nos confr\u00e8res tcahdiens.<\/p>\n<p>Le pr\u00e9sident mauritanien n\u2019aurait pas seulement apport\u00e9 son soutien mais aurait m\u00eame promis de \u00ab\u00a0parrainer cette candidature\u00a0\u00bb.<\/p>\n<p>Le Ministre d\u2019\u00c9tat, Ministre des Affaires \u00e9trang\u00e8res Mahamat Salah Annadif \u00e9tait re\u00e7u, lundi par le Pr\u00e9sident mauritanien, par ailleurs pr\u00e9sident en exercice de l\u2019Union Africaine auquel il a remis un message du nouveau pr\u00e9sident tchadien, Mahamat Idriss Deby qui rempile pour un nouveau mandat.<\/p>\n<p>Le soutien du pr\u00e9sident mauritanien semble \u00eatre appr\u00e9ci\u00e9 par le Tchad qui y voit un t\u00e9moignage \u00ab\u00a0de l\u2019excellence des relations bilat\u00e9rales qu\u2019entretiennent les deux pays\u00a0\u00bb.<\/p>\n","protected":false},"excerpt":{"rendered":"<p>La Mauritanie a apport\u00e9 son soutien agissant \u00e0 la candidature du Tchad au poste de Directeur G\u00e9n\u00e9ral de l\u2019Agence pour la S\u00e9curit\u00e9 de la Navigation A\u00e9rienne, annonce officiellement nos confr\u00e8res tcahdiens. Le pr\u00e9sident mauritanien n\u2019aurait pas seulement apport\u00e9 son soutien mais aurait m\u00eame promis de \u00ab\u00a0parrainer cette candidature\u00a0\u00bb. Le Ministre d\u2019\u00c9tat, Ministre des Affaires \u00e9trang\u00e8res &hellip;<\/p>\n","protected":false},"author":2,"featured_media":9605,"comment_status":"open","ping_status":"open","sticky":false,"template":"","format":"standard","meta":{"footnotes":""},"categories":[18,29,28],"tags":[],"class_list":["post-9604","post","type-post","status-publish","format-standard","has-post-thumbnail","hentry","category-actualites","category-monde","category-sahel"],"_links":{"self":[{"href":"https:\/\/ladepeche.mr\/index.php?rest_route=\/wp\/v2\/posts\/9604","targetHints":{"allow":["GET"]}}],"collection":[{"href":"https:\/\/ladepeche.mr\/index.php?rest_route=\/wp\/v2\/posts"}],"about":[{"href":"https:\/\/ladepeche.mr\/index.php?rest_route=\/wp\/v2\/types\/post"}],"author":[{"embeddable":true,"href":"https:\/\/ladepeche.mr\/index.php?rest_route=\/wp\/v2\/users\/2"}],"replies":[{"embeddable":true,"href":"https:\/\/ladepeche.mr\/index.php?rest_route=%2Fwp%2Fv2%2Fcomments&post=9604"}],"version-history":[{"count":2,"href":"https:\/\/ladepeche.mr\/index.php?rest_route=\/wp\/v2\/posts\/9604\/revisions"}],"predecessor-version":[{"id":9670,"href":"https:\/\/ladepeche.mr\/index.php?rest_route=\/wp\/v2\/posts\/9604\/revisions\/9670"}],"wp:featuredmedia":[{"embeddable":true,"href":"https:\/\/ladepeche.mr\/index.php?rest_route=\/wp\/v2\/media\/9605"}],"wp:attachment":[{"href":"https:\/\/ladepeche.mr\/index.php?rest_route=%2Fwp%2Fv2%2Fmedia&parent=9604"}],"wp:term":[{"taxonomy":"category","embeddable":true,"href":"https:\/\/ladepeche.mr\/index.php?rest_route=%2Fwp%2Fv2%2Fcategories&post=9604"},{"taxonomy":"post_tag","embeddable":true,"href":"https:\/\/ladepeche.mr\/index.php?rest_route=%2Fwp%2Fv2%2Ftags&post=9604"}],"curies":[{"name":"wp","href":"https:\/\/api.w.org\/{rel}","templated":true}]}}