{"id":970,"date":"2022-07-14T10:32:53","date_gmt":"2022-07-14T10:32:53","guid":{"rendered":"http:\/\/ladepeche.mr\/?p=970"},"modified":"2022-07-20T21:26:11","modified_gmt":"2022-07-20T21:26:11","slug":"spieth-in-danger-of-missing-cut-2","status":"publish","type":"post","link":"https:\/\/ladepeche.mr\/?p=970","title":{"rendered":"Et de deux pour Ould Eyih"},"content":{"rendered":"<p>Le ministre de l\u2019\u00e9ducation porte-parole du gouvernement Ould Eyih, promu \u00e0 la t\u00eate de la nouvelle formation pr\u00e9sidentielle \u00abINSAV\u00bb est cr\u00e9dit\u00e9 d\u2019une confiance du pr\u00e9sident de la R\u00e9publique. Ce dernier a, non seulement, coup\u00e9 court \u00e0 la pol\u00e9mique sur les d\u00e9clarations \u00ab\u00a0hasardeuses\u00a0\u00bb attribu\u00e9es \u00e0 l\u2019ancien pr\u00e9sident du parti mais aussi coupe aussi le cordon ombilical avec l\u2019ancien formation dont se r\u00e9clamait nagu\u00e8re encore son principal adversaire politique aujourd\u2019hui, l\u2019ancien pr\u00e9sident Mohamed Ould Abdelaziz. La nomination de Ould Eyih \u00e0 la veille d\u2019\u00e9lections g\u00e9n\u00e9rales cruciales est aussi\u00a0 per\u00e7ue comme une pr\u00e9paration aux prochaines consultations g\u00e9n\u00e9rales.<\/p>\n","protected":false},"excerpt":{"rendered":"<p>Le ministre de l\u2019\u00e9ducation porte-parole du gouvernement Ould Eyih, promu \u00e0 la t\u00eate de la nouvelle formation pr\u00e9sidentielle \u00abINSAV\u00bb est cr\u00e9dit\u00e9 d\u2019une confiance du pr\u00e9sident de la R\u00e9publique. Ce dernier a, non seulement, coup\u00e9 court \u00e0 la pol\u00e9mique sur les d\u00e9clarations \u00ab\u00a0hasardeuses\u00a0\u00bb attribu\u00e9es \u00e0 l\u2019ancien pr\u00e9sident du parti mais aussi coupe aussi le cordon ombilical &hellip;<\/p>\n","protected":false},"author":1,"featured_media":1089,"comment_status":"open","ping_status":"open","sticky":false,"template":"","format":"standard","meta":{"footnotes":""},"categories":[25],"tags":[8],"class_list":["post-970","post","type-post","status-publish","format-standard","has-post-thumbnail","hentry","category-en-forme","tag-travel"],"_links":{"self":[{"href":"https:\/\/ladepeche.mr\/index.php?rest_route=\/wp\/v2\/posts\/970","targetHints":{"allow":["GET"]}}],"collection":[{"href":"https:\/\/ladepeche.mr\/index.php?rest_route=\/wp\/v2\/posts"}],"about":[{"href":"https:\/\/ladepeche.mr\/index.php?rest_route=\/wp\/v2\/types\/post"}],"author":[{"embeddable":true,"href":"https:\/\/ladepeche.mr\/index.php?rest_route=\/wp\/v2\/users\/1"}],"replies":[{"embeddable":true,"href":"https:\/\/ladepeche.mr\/index.php?rest_route=%2Fwp%2Fv2%2Fcomments&post=970"}],"version-history":[{"count":1,"href":"https:\/\/ladepeche.mr\/index.php?rest_route=\/wp\/v2\/posts\/970\/revisions"}],"predecessor-version":[{"id":1090,"href":"https:\/\/ladepeche.mr\/index.php?rest_route=\/wp\/v2\/posts\/970\/revisions\/1090"}],"wp:featuredmedia":[{"embeddable":true,"href":"https:\/\/ladepeche.mr\/index.php?rest_route=\/wp\/v2\/media\/1089"}],"wp:attachment":[{"href":"https:\/\/ladepeche.mr\/index.php?rest_route=%2Fwp%2Fv2%2Fmedia&parent=970"}],"wp:term":[{"taxonomy":"category","embeddable":true,"href":"https:\/\/ladepeche.mr\/index.php?rest_route=%2Fwp%2Fv2%2Fcategories&post=970"},{"taxonomy":"post_tag","embeddable":true,"href":"https:\/\/ladepeche.mr\/index.php?rest_route=%2Fwp%2Fv2%2Ftags&post=970"}],"curies":[{"name":"wp","href":"https:\/\/api.w.org\/{rel}","templated":true}]}}