{"id":9705,"date":"2024-05-20T18:28:20","date_gmt":"2024-05-20T18:28:20","guid":{"rendered":"https:\/\/ladepeche.mr\/?p=9705"},"modified":"2024-05-20T18:28:20","modified_gmt":"2024-05-20T18:28:20","slug":"signature-de-la-convention-de-financement-entre-la-commission-europeenne-et-la-republique-islamique-de-mauritanie-economie-verte-systemes-alimentaires-durables-et-inclusifs-pour-une-m","status":"publish","type":"post","link":"https:\/\/ladepeche.mr\/?p=9705","title":{"rendered":"Signature de la Convention de Financement entre la Commission europ\u00e9enne et la R\u00e9publique Islamique de Mauritanie \u00ab Economie verte \u2013 syst\u00e8mes alimentaires durables et inclusifs pour une meilleure s\u00e9curit\u00e9 alimentaire et nutritionnelle \u00bb."},"content":{"rendered":"<p>Nouakchott, le 20 mai 2024- S.E.M. Gwilym Jones, Ambassadeur de l\u2019Union europ\u00e9enne en R\u00e9publique Islamique de Mauritanie et S.E.M. Abdessalam Mohamed Saleh, Ministre de l&#8217;Economie et du D\u00e9veloppement Durable ont c\u00e9l\u00e9br\u00e9 aujourd\u2019hui la signature d\u2019une Convention de Financement d\u2019un montant de MRU 577 millions<a href=\"https:\/\/www.eeas.europa.eu\/delegations\/mauritanie\/signature-de-la-convention-de-financement-entre-la-commission-europ%C3%A9enne-et-la-r%C3%A9publique-islamique_fr?s=109#_ftn1\"><strong><span lang=\"FR-BE\">[1]<\/span><\/strong><\/a> portant sur le programme \u00ab\u00a0Economie verte \u2013 syst\u00e8mes alimentaires durables et inclusifs pour une meilleure s\u00e9curit\u00e9 alimentaire et nutritionnelle\u00a0\u00bb.<\/p>\n<p><span lang=\"FR-BE\">Ce nouveau programme vient compl\u00e9ter une collaboration d\u00e9j\u00e0 riche dans le domaine du d\u00e9veloppement rural entre l\u2019Union europ\u00e9enne et la Mauritanie qui dure depuis plusieurs ann\u00e9es. Depuis 2015, l&#8217;Union europ\u00e9enne a engag\u00e9 plus de MRU 3,6 milliards dans ce secteur <a href=\"https:\/\/www.eeas.europa.eu\/delegations\/mauritanie\/signature-de-la-convention-de-financement-entre-la-commission-europ%C3%A9enne-et-la-r%C3%A9publique-islamique_fr?s=109#_ftn2\">[2]<\/a>, et a permis, entre autres, de cr\u00e9er de nombreux emplois, de former les acteurs institutionnels et priv\u00e9s du d\u00e9veloppement rural, de construire des infrastructures, de fournir des \u00e9quipements et de faciliter l\u2019investissement et l\u2019acc\u00e8s au cr\u00e9dit, avec une attention particuli\u00e8re \u00e0 l\u2019accompagnement des jeunes qui ont fait de l\u2019agriculture leur projet de vie. <\/span><\/p>\n<p><span lang=\"FR-BE\">&#8220;Cette nouvelle action vise \u00e0 soutenir une transformation profonde des syst\u00e8mes alimentaires mauritaniens pour r\u00e9pondre aux nombreux d\u00e9fis qui se manifestent de mani\u00e8re r\u00e9currente en mati\u00e8re d&#8217;ins\u00e9curit\u00e9 alimentaire et nutritionnelle&#8221;, a d\u00e9clar\u00e9 S.E.M. Gwilym Jones, Ambassadeur de l&#8217;Union europ\u00e9enne en R\u00e9publique Islamique de Mauritanie. &#8220;L&#8217;objectif est de soutenir une alimentation saine, s\u00fbre et diversifi\u00e9e, accessible \u00e0 tous les Mauritaniens, et de promouvoir une agriculture productive, comp\u00e9titive, \u00e9cologiquement responsable, adapt\u00e9e au changement climatique et inclusive.&#8221;<\/span><\/p>\n<p><span lang=\"FR-BE\">Cette action, qui s\u2019inscrit dans le cadre d\u2019un effort commun entre l\u2019Union europ\u00e9enne et ses Etats Membres pour contribuer \u00e0 l\u2019Initiative \u00c9quipe Europe (IEE) de \u00ab Transition vers une \u00c9conomie verte et bleue \u00bb en Mauritanie, se focalisera essentiellement sur\u00a0:<\/span><\/p>\n<ul>\n<li><span lang=\"FR-BE\">La structuration et la consolidation des cha\u00eenes de valeur agropastorales a\u0300 haut potentiel nutritionnel et commercial\u00a0;<\/span><\/li>\n<li><span lang=\"FR-BE\">L\u2019am\u00e9lioration des syst\u00e8mes de production \u00e0 vocation alimentaire durables, \u00e9cologiquement responsables et r\u00e9silients aux chocs climatiques\u00a0; et <\/span><\/li>\n<li><span lang=\"FR-BE\">Un ensemble d\u2019actions visant \u00e0 faire \u00e9voluer les modes de consommation et les pratiques nutritionnelles \u00e0 base de produits \u00ab locaux \u00bb et adapt\u00e9s au changement climatique \u00e0 l\u2019aval\u00a0;<\/span><\/li>\n<li><span lang=\"FR-BE\">Un cadre favorable au dialogue public \u2013 priv\u00e9, \u00e0 la comp\u00e9titivit\u00e9 des chaines de valeur et \u00e0 la r\u00e9sorption des causes structurelles de l\u2019ins\u00e9curit\u00e9 alimentaire et nutritionnelle.<\/span><\/li>\n<\/ul>\n<p>&nbsp;<\/p>\n<p>source D\u00e9l\u00e9gation Ue en Mauritanie<\/p>\n","protected":false},"excerpt":{"rendered":"<p>Nouakchott, le 20 mai 2024- S.E.M. Gwilym Jones, Ambassadeur de l\u2019Union europ\u00e9enne en R\u00e9publique Islamique de Mauritanie et S.E.M. Abdessalam Mohamed Saleh, Ministre de l&#8217;Economie et du D\u00e9veloppement Durable ont c\u00e9l\u00e9br\u00e9 aujourd\u2019hui la signature d\u2019une Convention de Financement d\u2019un montant de MRU 577 millions[1] portant sur le programme \u00ab\u00a0Economie verte \u2013 syst\u00e8mes alimentaires durables et &hellip;<\/p>\n","protected":false},"author":2,"featured_media":9706,"comment_status":"open","ping_status":"open","sticky":false,"template":"","format":"standard","meta":{"footnotes":""},"categories":[18,27],"tags":[],"class_list":["post-9705","post","type-post","status-publish","format-standard","has-post-thumbnail","hentry","category-actualites","category-sante"],"_links":{"self":[{"href":"https:\/\/ladepeche.mr\/index.php?rest_route=\/wp\/v2\/posts\/9705","targetHints":{"allow":["GET"]}}],"collection":[{"href":"https:\/\/ladepeche.mr\/index.php?rest_route=\/wp\/v2\/posts"}],"about":[{"href":"https:\/\/ladepeche.mr\/index.php?rest_route=\/wp\/v2\/types\/post"}],"author":[{"embeddable":true,"href":"https:\/\/ladepeche.mr\/index.php?rest_route=\/wp\/v2\/users\/2"}],"replies":[{"embeddable":true,"href":"https:\/\/ladepeche.mr\/index.php?rest_route=%2Fwp%2Fv2%2Fcomments&post=9705"}],"version-history":[{"count":1,"href":"https:\/\/ladepeche.mr\/index.php?rest_route=\/wp\/v2\/posts\/9705\/revisions"}],"predecessor-version":[{"id":9707,"href":"https:\/\/ladepeche.mr\/index.php?rest_route=\/wp\/v2\/posts\/9705\/revisions\/9707"}],"wp:featuredmedia":[{"embeddable":true,"href":"https:\/\/ladepeche.mr\/index.php?rest_route=\/wp\/v2\/media\/9706"}],"wp:attachment":[{"href":"https:\/\/ladepeche.mr\/index.php?rest_route=%2Fwp%2Fv2%2Fmedia&parent=9705"}],"wp:term":[{"taxonomy":"category","embeddable":true,"href":"https:\/\/ladepeche.mr\/index.php?rest_route=%2Fwp%2Fv2%2Fcategories&post=9705"},{"taxonomy":"post_tag","embeddable":true,"href":"https:\/\/ladepeche.mr\/index.php?rest_route=%2Fwp%2Fv2%2Ftags&post=9705"}],"curies":[{"name":"wp","href":"https:\/\/api.w.org\/{rel}","templated":true}]}}