{"id":9709,"date":"2024-05-20T19:19:28","date_gmt":"2024-05-20T19:19:28","guid":{"rendered":"https:\/\/ladepeche.mr\/?p=9709"},"modified":"2024-05-20T19:19:28","modified_gmt":"2024-05-20T19:19:28","slug":"accord-rim-bm-de-soutien-au-systeme-de-filet-de-securite-sociale","status":"publish","type":"post","link":"https:\/\/ladepeche.mr\/?p=9709","title":{"rendered":"Accord RIM-BM de soutien au syst\u00e8me de filet de s\u00e9curit\u00e9 sociale"},"content":{"rendered":"<p class=\"p1\"><span class=\"s1\">Son Excellence le ministre de l&#8217;Economie et du D\u00e9veloppement durable, M. Abdessalam Ould Mohamed Saleh, a sign\u00e9, lundi, avec Mme Cristina Isabel Panasco Santos, repr\u00e9sentante r\u00e9sidente de la Banque mondiale dans notre pays, un accord de financement de 19,7 millions d&#8217;unit\u00e9s de droits de tirage sp\u00e9ciaux (DTS), soit environ 36 millions de dollars am\u00e9ricains ou l&#8217;\u00e9quivalent de 1 milliard et 25 millions MRU, offert par l&#8217;Association internationale de d\u00e9veloppement (IDA) dans le cadre du financement additionnel au projet de soutien au syst\u00e8me de filet de s\u00e9curit\u00e9 sociale II.<\/span><\/p>\n<p class=\"p1\"><span class=\"s1\">Ce projet vise \u00e0 accro\u00eetre l&#8217;adaptabilit\u00e9, l&#8217;efficacit\u00e9 et la rentabilit\u00e9 du syst\u00e8me national de filet de s\u00e9curit\u00e9 sociale et sa couverture des m\u00e9nages pauvres et vuln\u00e9rables gr\u00e2ce \u00e0 des transferts sociaux cibl\u00e9s, y compris les groupes de r\u00e9fugi\u00e9s et les communaut\u00e9s h\u00f4tes.<\/span><\/p>\n<p class=\"p1\"><span class=\"s1\">Dans le mot qu&#8217;il a prononc\u00e9, le ministre de l&#8217;Economie a d\u00e9clar\u00e9 que, dans ses efforts de lutte contre l&#8217;exclusion et la pauvret\u00e9, la Mauritanie a adopt\u00e9 une strat\u00e9gie nationale de protection sociale inspir\u00e9e des valeurs de solidarit\u00e9 sociale pr\u00f4n\u00e9es par l&#8217;islam, des traditions sociales ancr\u00e9es dans la soci\u00e9t\u00e9 et des principes de justice, d&#8217;\u00e9quit\u00e9 et des conventions internationales.<\/span><\/p>\n<p class=\"p1\"><span class=\"s1\">Il a expliqu\u00e9 que cette strat\u00e9gie s&#8217;articule autour de plusieurs axes, notamment la s\u00e9curit\u00e9 alimentaire, l&#8217;environnement et les changements climatiques, l&#8217;acc\u00e8s aux services de sant\u00e9 et d&#8217;\u00e9ducation, l&#8217;assurance sociale, l&#8217;am\u00e9lioration du cadre de vie et la promotion des groupes vuln\u00e9rables.<\/span><\/p>\n<p class=\"p1\"><span class=\"s1\">Il a ajout\u00e9 que le financement vise \u00e0 am\u00e9liorer l&#8217;efficacit\u00e9 et l&#8217;efficience du syst\u00e8me national de protection sociale en travaillant sur des composantes telles que la mise \u00e0 jour du registre social et la promotion de son utilisation, le soutien \u00e0 l&#8217;inclusion sociale et \u00e9conomique des m\u00e9nages pauvres en renfor\u00e7ant et en \u00e9largissant le programme de transferts mon\u00e9taires &#8220;Tekavoul&#8221;, et le soutien au m\u00e9canisme de r\u00e9ponse aux chocs climatiques pour les m\u00e9nages vuln\u00e9rables en d\u00e9veloppant un syst\u00e8me d&#8217;alerte pr\u00e9coce, un programme d&#8217;assistance et une strat\u00e9gie de financement de la r\u00e9ponse aux chocs climatiques.<\/span><\/p>\n<p class=\"p1\"><span class=\"s1\">Par ailleurs, le ministre \u00a0a \u00a0pr\u00e9cis\u00e9 que le financement en question permettra d&#8217;\u00e9tendre les b\u00e9n\u00e9ficiaires des services du syst\u00e8me national de protection sociale au niveau national d&#8217;ici 2025 et d&#8217;int\u00e9grer les r\u00e9fugi\u00e9s pr\u00e9sents sur le territoire national.<\/span><\/p>\n<p class=\"p1\"><span class=\"s1\">Pour sa part, la repr\u00e9sentante de la Banque mondiale en Mauritanie a d\u00e9clar\u00e9 que depuis le lancement du premier projet de protection sociale en 2015, la Mauritanie a r\u00e9alis\u00e9 des progr\u00e8s remarquables.<\/span><\/p>\n<p class=\"p1\"><span class=\"s1\">\u00a0Elle a soulign\u00e9 que la cr\u00e9ation du registre social, l&#8217;extension du programme Tekavoul et la mise en place d&#8217;un syst\u00e8me de r\u00e9ponse aux chocs ont transform\u00e9 le paysage de la protection sociale dans le pays. &#8220;La Banque mondiale a eu l&#8217;honneur de soutenir ces initiatives \u00e0 travers le filet de s\u00e9curit\u00e9 sociale 1 de 2015 \u00e0 2020 et, plus r\u00e9cemment, \u00e0 travers le filet de s\u00e9curit\u00e9 sociale 2 depuis 2020&#8221;, a-t-elle conclu.<\/span><\/p>\n<p class=\"p1\"><span class=\"s1\">La c\u00e9r\u00e9monie de signature s&#8217;est d\u00e9roul\u00e9e en pr\u00e9sence du secr\u00e9taire g\u00e9n\u00e9ral de la D\u00e9l\u00e9gation g\u00e9n\u00e9rale \u00e0 la solidarit\u00e9 nationale et \u00e0 la lutte contre l&#8217;exclusion (Taazour), ainsi que de plusieurs responsables des deux d\u00e9partements.<br \/>\n<\/span>Source MEcDD<\/p>\n","protected":false},"excerpt":{"rendered":"<p>Son Excellence le ministre de l&#8217;Economie et du D\u00e9veloppement durable, M. Abdessalam Ould Mohamed Saleh, a sign\u00e9, lundi, avec Mme Cristina Isabel Panasco Santos, repr\u00e9sentante r\u00e9sidente de la Banque mondiale dans notre pays, un accord de financement de 19,7 millions d&#8217;unit\u00e9s de droits de tirage sp\u00e9ciaux (DTS), soit environ 36 millions de dollars am\u00e9ricains ou &hellip;<\/p>\n","protected":false},"author":2,"featured_media":9710,"comment_status":"open","ping_status":"open","sticky":false,"template":"","format":"standard","meta":{"footnotes":""},"categories":[18,2],"tags":[],"class_list":["post-9709","post","type-post","status-publish","format-standard","has-post-thumbnail","hentry","category-actualites","category-economie"],"_links":{"self":[{"href":"https:\/\/ladepeche.mr\/index.php?rest_route=\/wp\/v2\/posts\/9709","targetHints":{"allow":["GET"]}}],"collection":[{"href":"https:\/\/ladepeche.mr\/index.php?rest_route=\/wp\/v2\/posts"}],"about":[{"href":"https:\/\/ladepeche.mr\/index.php?rest_route=\/wp\/v2\/types\/post"}],"author":[{"embeddable":true,"href":"https:\/\/ladepeche.mr\/index.php?rest_route=\/wp\/v2\/users\/2"}],"replies":[{"embeddable":true,"href":"https:\/\/ladepeche.mr\/index.php?rest_route=%2Fwp%2Fv2%2Fcomments&post=9709"}],"version-history":[{"count":1,"href":"https:\/\/ladepeche.mr\/index.php?rest_route=\/wp\/v2\/posts\/9709\/revisions"}],"predecessor-version":[{"id":9711,"href":"https:\/\/ladepeche.mr\/index.php?rest_route=\/wp\/v2\/posts\/9709\/revisions\/9711"}],"wp:featuredmedia":[{"embeddable":true,"href":"https:\/\/ladepeche.mr\/index.php?rest_route=\/wp\/v2\/media\/9710"}],"wp:attachment":[{"href":"https:\/\/ladepeche.mr\/index.php?rest_route=%2Fwp%2Fv2%2Fmedia&parent=9709"}],"wp:term":[{"taxonomy":"category","embeddable":true,"href":"https:\/\/ladepeche.mr\/index.php?rest_route=%2Fwp%2Fv2%2Fcategories&post=9709"},{"taxonomy":"post_tag","embeddable":true,"href":"https:\/\/ladepeche.mr\/index.php?rest_route=%2Fwp%2Fv2%2Ftags&post=9709"}],"curies":[{"name":"wp","href":"https:\/\/api.w.org\/{rel}","templated":true}]}}