{"id":9748,"date":"2024-05-23T10:33:35","date_gmt":"2024-05-23T10:33:35","guid":{"rendered":"https:\/\/ladepeche.mr\/?p=9748"},"modified":"2024-05-23T10:33:35","modified_gmt":"2024-05-23T10:33:35","slug":"agriculture-plus-dargent-pour-les-oasis","status":"publish","type":"post","link":"https:\/\/ladepeche.mr\/?p=9748","title":{"rendered":"Agriculture\u00a0: Plus d\u2019argent pour les oasis"},"content":{"rendered":"<p>Les oasis mauritaniennes pourraient profiter, dans un avenir proche, de l\u2019acc\u00e8s \u00e0 plus d\u2019eau gr\u00e2ce \u00e0 un financement additionnel de 3 millions USD obtenu par le ministre de l&#8217;\u00c9conomie et du D\u00e9veloppement durable, Abdessalam Mohamed Saleh, aupr\u00e8s du Fonds arabe pour le D\u00e9veloppement \u00e9conomique et social (FADES).<\/p>\n<p>Un accord dans ce sens a \u00e9t\u00e9, en effet mercredi, par Ould Mohamed Saleh avec Bader Mohamed Saad, directeur g\u00e9n\u00e9ral et pr\u00e9sident du Conseil d&#8217;administration du FADES.<\/p>\n<p>Ce pr\u00eat additionnel, \u00e0 taux r\u00e9duit, sign\u00e9 entre les deux parties, en marge des r\u00e9unions annuelles conjointes des institutions financi\u00e8res arabes, pour assurer un appui \u00e0 la durabilit\u00e9 et \u00e0 la productivit\u00e9 des oasis se fonde sur optimisation de l&#8217;usage des eaux et un meilleur acc\u00e8s aux eaux de surfaces \u00e0 travers des forages et l\u2019acc\u00e8s \u00e0 des puits profonds en vue d\u2019am\u00e9liorer les syst\u00e8mes d\u2019irrigation plus ad\u00e9quats avec le d\u00e9veloppement des oasis.<\/p>\n<p>En Mauritanie, il y aurait 350 oasis localis\u00e9es dans les r\u00e9gions de l\u2019Adrar, du Tagant, de l\u2019Assaba ainsi que dans les deux Hodhs. Pr\u00e8s 300.000 personnes vivraient de leur rendement.<\/p>\n","protected":false},"excerpt":{"rendered":"<p>Les oasis mauritaniennes pourraient profiter, dans un avenir proche, de l\u2019acc\u00e8s \u00e0 plus d\u2019eau gr\u00e2ce \u00e0 un financement additionnel de 3 millions USD obtenu par le ministre de l&#8217;\u00c9conomie et du D\u00e9veloppement durable, Abdessalam Mohamed Saleh, aupr\u00e8s du Fonds arabe pour le D\u00e9veloppement \u00e9conomique et social (FADES). Un accord dans ce sens a \u00e9t\u00e9, en &hellip;<\/p>\n","protected":false},"author":2,"featured_media":9749,"comment_status":"open","ping_status":"open","sticky":false,"template":"","format":"standard","meta":{"footnotes":""},"categories":[18,2],"tags":[],"class_list":["post-9748","post","type-post","status-publish","format-standard","has-post-thumbnail","hentry","category-actualites","category-economie"],"_links":{"self":[{"href":"https:\/\/ladepeche.mr\/index.php?rest_route=\/wp\/v2\/posts\/9748","targetHints":{"allow":["GET"]}}],"collection":[{"href":"https:\/\/ladepeche.mr\/index.php?rest_route=\/wp\/v2\/posts"}],"about":[{"href":"https:\/\/ladepeche.mr\/index.php?rest_route=\/wp\/v2\/types\/post"}],"author":[{"embeddable":true,"href":"https:\/\/ladepeche.mr\/index.php?rest_route=\/wp\/v2\/users\/2"}],"replies":[{"embeddable":true,"href":"https:\/\/ladepeche.mr\/index.php?rest_route=%2Fwp%2Fv2%2Fcomments&post=9748"}],"version-history":[{"count":1,"href":"https:\/\/ladepeche.mr\/index.php?rest_route=\/wp\/v2\/posts\/9748\/revisions"}],"predecessor-version":[{"id":9750,"href":"https:\/\/ladepeche.mr\/index.php?rest_route=\/wp\/v2\/posts\/9748\/revisions\/9750"}],"wp:featuredmedia":[{"embeddable":true,"href":"https:\/\/ladepeche.mr\/index.php?rest_route=\/wp\/v2\/media\/9749"}],"wp:attachment":[{"href":"https:\/\/ladepeche.mr\/index.php?rest_route=%2Fwp%2Fv2%2Fmedia&parent=9748"}],"wp:term":[{"taxonomy":"category","embeddable":true,"href":"https:\/\/ladepeche.mr\/index.php?rest_route=%2Fwp%2Fv2%2Fcategories&post=9748"},{"taxonomy":"post_tag","embeddable":true,"href":"https:\/\/ladepeche.mr\/index.php?rest_route=%2Fwp%2Fv2%2Ftags&post=9748"}],"curies":[{"name":"wp","href":"https:\/\/api.w.org\/{rel}","templated":true}]}}