{"id":9751,"date":"2024-05-23T10:51:21","date_gmt":"2024-05-23T10:51:21","guid":{"rendered":"https:\/\/ladepeche.mr\/?p=9751"},"modified":"2024-05-23T10:51:57","modified_gmt":"2024-05-23T10:51:57","slug":"financements-la-bid-mobilise-plus-dun-milliard-usd-pour-ses-projets-futurs-en-mauritanie","status":"publish","type":"post","link":"https:\/\/ladepeche.mr\/?p=9751","title":{"rendered":"Financements\u00a0: la BID mobilise plus d\u2019un milliard Usd pour ses projets (2024-2026) en Mauritanie"},"content":{"rendered":"<p>Le plafond du financement des projets d\u00e9coulant du cadre de financement promis par la Banque Islamique de D\u00e9veloppement aux autorit\u00e9s mauritaniennes devrait d\u00e9passer 1 milliard de dollars am\u00e9ricains, apprend-on \u00e0 l\u2019issue de la signature au Caire, par le ministre de l&#8217;\u00c9conomie et du D\u00e9veloppement durable, Abdessalam Ould Mohamed Saleh,\u00a0 avec le pr\u00e9sident de la Banque islamique de D\u00e9veloppement (BID), Dr. Mohamed Souleimane Al Jasser, du document de lancement du cadre de coop\u00e9ration (2024-2026)<\/p>\n<p>Les financements arr\u00eat\u00e9s en commun accord par les deux parties se r\u00e9partiraient en financement de projets de d\u00e9veloppement auxquels contribuerait l\u2019Etat mauritanien et qui s\u2019\u00e9leveraient \u00e0 330 millions de dollars alors que 670 millions de financement de programmes et projets seront assur\u00e9s par les institutions financi\u00e8res affili\u00e9es au Groupe de la BID.<\/p>\n<p>Le portefeuille de projets BID en Mauritanie, l&#8217;un de ses plus grands pourvoyeurs de fonds, embrasse, ces derni\u00e8res ann\u00e9es, tous les secteurs d&#8217;activit\u00e9 de d\u00e9veloppement dans le pays.<\/p>\n","protected":false},"excerpt":{"rendered":"<p>Le plafond du financement des projets d\u00e9coulant du cadre de financement promis par la Banque Islamique de D\u00e9veloppement aux autorit\u00e9s mauritaniennes devrait d\u00e9passer 1 milliard de dollars am\u00e9ricains, apprend-on \u00e0 l\u2019issue de la signature au Caire, par le ministre de l&#8217;\u00c9conomie et du D\u00e9veloppement durable, Abdessalam Ould Mohamed Saleh,\u00a0 avec le pr\u00e9sident de la Banque &hellip;<\/p>\n","protected":false},"author":2,"featured_media":9752,"comment_status":"open","ping_status":"open","sticky":false,"template":"","format":"standard","meta":{"footnotes":""},"categories":[18,2],"tags":[],"class_list":["post-9751","post","type-post","status-publish","format-standard","has-post-thumbnail","hentry","category-actualites","category-economie"],"_links":{"self":[{"href":"https:\/\/ladepeche.mr\/index.php?rest_route=\/wp\/v2\/posts\/9751","targetHints":{"allow":["GET"]}}],"collection":[{"href":"https:\/\/ladepeche.mr\/index.php?rest_route=\/wp\/v2\/posts"}],"about":[{"href":"https:\/\/ladepeche.mr\/index.php?rest_route=\/wp\/v2\/types\/post"}],"author":[{"embeddable":true,"href":"https:\/\/ladepeche.mr\/index.php?rest_route=\/wp\/v2\/users\/2"}],"replies":[{"embeddable":true,"href":"https:\/\/ladepeche.mr\/index.php?rest_route=%2Fwp%2Fv2%2Fcomments&post=9751"}],"version-history":[{"count":2,"href":"https:\/\/ladepeche.mr\/index.php?rest_route=\/wp\/v2\/posts\/9751\/revisions"}],"predecessor-version":[{"id":9754,"href":"https:\/\/ladepeche.mr\/index.php?rest_route=\/wp\/v2\/posts\/9751\/revisions\/9754"}],"wp:featuredmedia":[{"embeddable":true,"href":"https:\/\/ladepeche.mr\/index.php?rest_route=\/wp\/v2\/media\/9752"}],"wp:attachment":[{"href":"https:\/\/ladepeche.mr\/index.php?rest_route=%2Fwp%2Fv2%2Fmedia&parent=9751"}],"wp:term":[{"taxonomy":"category","embeddable":true,"href":"https:\/\/ladepeche.mr\/index.php?rest_route=%2Fwp%2Fv2%2Fcategories&post=9751"},{"taxonomy":"post_tag","embeddable":true,"href":"https:\/\/ladepeche.mr\/index.php?rest_route=%2Fwp%2Fv2%2Ftags&post=9751"}],"curies":[{"name":"wp","href":"https:\/\/api.w.org\/{rel}","templated":true}]}}