{"id":9755,"date":"2024-05-23T11:03:06","date_gmt":"2024-05-23T11:03:06","guid":{"rendered":"https:\/\/ladepeche.mr\/?p=9755"},"modified":"2024-05-23T11:03:06","modified_gmt":"2024-05-23T11:03:06","slug":"senegal-polemique-apres-larrestation-dopposants-accuses-de-diffamation","status":"publish","type":"post","link":"https:\/\/ladepeche.mr\/?p=9755","title":{"rendered":"S\u00e9n\u00e9gal: pol\u00e9mique apr\u00e8s l&#8217;arrestation d&#8217;opposants accus\u00e9s de diffamation"},"content":{"rendered":"<p>Atteinte \u00e0 la libert\u00e9 d\u2019expression pour les uns. Intervention salutaire de la justice face \u00e0 des propos tr\u00e8s diffamatoires, pour les autres. Cette double arrestation suite \u00e0 des d\u00e9clarations publiques d\u2019opposants &#8211; la premi\u00e8re depuis qu\u2019une nouvelle \u00e9quipe a \u00e9t\u00e9 \u00e9lue \u00e0 la t\u00eate du pays &#8211; divise les S\u00e9n\u00e9galais.<\/p>\n<p>Interpell\u00e9 d\u00e8s lundi par la division des investigations criminelles, l\u2019activiste Ba Diakhat\u00e9 s\u2019est attaqu\u00e9 \u00e0 Ousmane Sonko dans une vid\u00e9o. Dans des termes injurieux, il l\u2019accuse notamment d\u2019\u00eatre homosexuel. Le pr\u00eacheur Cheikh Ahmed Tidiane Ndao, qui lui a \u00e9t\u00e9 plac\u00e9 en garde \u00e0 vue mardi, est \u00e9galement accus\u00e9 de diffusion de fausse nouvelle et d\u2019offense \u00e0 l\u2019encontre du Premier ministre, apr\u00e8s la publication d\u2019une autre vid\u00e9o dans laquelle il reproche \u00e0 Ousmane Sonko d\u2019\u00eatre complaisant vis-\u00e0-vis de l\u2019homosexualit\u00e9. Le tout apr\u00e8s des d\u00e9clarations publiques d\u2019Ousmane Sonko sur le sujet, lors de la visite de l\u2019opposant de gauche Jean-Luc M\u00e9lenchon \u00e0 Dakar.<\/p>\n<p>Au S\u00e9n\u00e9gal, la diffamation et la diffusion de fausses nouvelles sont passibles de peines de prison. Dans les rangs de l\u2019opposition, nombreux sont ceux qui d\u00e9noncent cette arrestation et plaident pour pr\u00e9server la libert\u00e9 d\u2019un d\u00e9bat d\u00e9mocratique.<\/p>\n<p>Et de leur c\u00f4t\u00e9, les organisations de d\u00e9fense des droits de l\u2019homme comme Amnesty International appellent les autorit\u00e9s \u00e0 cesser les arrestations de personnes en cas de diffamation, quelle que soit la gravit\u00e9 des propos tenus, et \u00e0 d\u00e9p\u00e9naliser ces d\u00e9lits.<\/p>\n<p>Lire sur https:\/\/www.rfi.fr\/fr\/afrique\/20240522-s%C3%A9n%C3%A9gal-pol%C3%A9mique-apr%C3%A8s-l-arrestation-d-opposants-accus%C3%A9s-de-diffamation?utm_medium=email&amp;utm_campaign=newsletter&amp;utm_source=rfi-nl-afrique-fr&amp;utm_email_send_date=%2020240523&amp;utm_email_recipient=245770&amp;utm_email_link=contenus&amp;_ope=eyJndWlkIjoiOTMwMjIwNGY3ZmZhNzMxODU0NDI3OTA1ZjdiOTc4NGUifQ%3D%3D<\/p>\n","protected":false},"excerpt":{"rendered":"<p>Atteinte \u00e0 la libert\u00e9 d\u2019expression pour les uns. Intervention salutaire de la justice face \u00e0 des propos tr\u00e8s diffamatoires, pour les autres. Cette double arrestation suite \u00e0 des d\u00e9clarations publiques d\u2019opposants &#8211; la premi\u00e8re depuis qu\u2019une nouvelle \u00e9quipe a \u00e9t\u00e9 \u00e9lue \u00e0 la t\u00eate du pays &#8211; divise les S\u00e9n\u00e9galais. Interpell\u00e9 d\u00e8s lundi par la &hellip;<\/p>\n","protected":false},"author":2,"featured_media":9756,"comment_status":"open","ping_status":"open","sticky":false,"template":"","format":"standard","meta":{"footnotes":""},"categories":[18,29],"tags":[],"class_list":["post-9755","post","type-post","status-publish","format-standard","has-post-thumbnail","hentry","category-actualites","category-monde"],"_links":{"self":[{"href":"https:\/\/ladepeche.mr\/index.php?rest_route=\/wp\/v2\/posts\/9755","targetHints":{"allow":["GET"]}}],"collection":[{"href":"https:\/\/ladepeche.mr\/index.php?rest_route=\/wp\/v2\/posts"}],"about":[{"href":"https:\/\/ladepeche.mr\/index.php?rest_route=\/wp\/v2\/types\/post"}],"author":[{"embeddable":true,"href":"https:\/\/ladepeche.mr\/index.php?rest_route=\/wp\/v2\/users\/2"}],"replies":[{"embeddable":true,"href":"https:\/\/ladepeche.mr\/index.php?rest_route=%2Fwp%2Fv2%2Fcomments&post=9755"}],"version-history":[{"count":1,"href":"https:\/\/ladepeche.mr\/index.php?rest_route=\/wp\/v2\/posts\/9755\/revisions"}],"predecessor-version":[{"id":9757,"href":"https:\/\/ladepeche.mr\/index.php?rest_route=\/wp\/v2\/posts\/9755\/revisions\/9757"}],"wp:featuredmedia":[{"embeddable":true,"href":"https:\/\/ladepeche.mr\/index.php?rest_route=\/wp\/v2\/media\/9756"}],"wp:attachment":[{"href":"https:\/\/ladepeche.mr\/index.php?rest_route=%2Fwp%2Fv2%2Fmedia&parent=9755"}],"wp:term":[{"taxonomy":"category","embeddable":true,"href":"https:\/\/ladepeche.mr\/index.php?rest_route=%2Fwp%2Fv2%2Fcategories&post=9755"},{"taxonomy":"post_tag","embeddable":true,"href":"https:\/\/ladepeche.mr\/index.php?rest_route=%2Fwp%2Fv2%2Ftags&post=9755"}],"curies":[{"name":"wp","href":"https:\/\/api.w.org\/{rel}","templated":true}]}}