{"id":9758,"date":"2024-05-24T09:37:09","date_gmt":"2024-05-24T09:37:09","guid":{"rendered":"https:\/\/ladepeche.mr\/?p=9758"},"modified":"2024-05-24T10:04:44","modified_gmt":"2024-05-24T10:04:44","slug":"droits-de-lhomme-les-autorites-lancent-une-plateforme-pour-recevoir-les-plaintes-de-violation","status":"publish","type":"post","link":"https:\/\/ladepeche.mr\/?p=9758","title":{"rendered":"Droits de l\u2019homme\u00a0: Les autorit\u00e9s lancent une plateforme pour recevoir les plaintes de violation"},"content":{"rendered":"<p>Les autorit\u00e9s mauritaniennes ont mis en place une plateforme num\u00e9rique pour \u00ab recevoir et traiter les plaintes relatives aux atteintes \u00e9ventuelles aux droits de l\u2019homme \u00bb dans le pays, a officiellement annonc\u00e9 jeudi \u00e0 Nouakchott le commissariat en charge des droits de l\u2019homme dans le pays.<\/p>\n<p>La plateforme d\u00e9nomm\u00e9e \u00abHimayeti\u00a0\u00bb (Ma protection) est encore pr\u00e9sent\u00e9e comme \u00ab\u00a0un moyen moderne et un pilier essentiel pour la promotion et la protection des droits de l\u2019homme\u00a0\u00bb en Mauritanie pr\u00e9cisent les m\u00eames sources.<\/p>\n<p>Dans un communiqu\u00e9 publi\u00e9 \u00e0 ce sujet, le commissariat pr\u00e9cise que cette initiative a \u00e9t\u00e9 prise sur une directive du pr\u00e9sident, Mohamed Cheikh Ghazaouni afin de \u00ab\u00a0promouvoir et prot\u00e9ger les droits de l\u2019homme dans le pays et pour d\u00e9velopper un syst\u00e8me unifi\u00e9 et compl\u00e9mentaire pour la gestion des plaintes et des r\u00e9clamations \u00e0 la hauteur des aspirations des citoyens\u00a0\u00bb.<\/p>\n<p>Une initiative similaire portant sur la mise en ligne d\u2019un NUMERO VERT d\u00e9di\u00e9 sp\u00e9cifiquement \u00e0 la d\u00e9nonciation de cas \u00e9ventuels d\u2019esclavage avait d\u00e9j\u00e0 mis en ligne il y a bient\u00f4t un peu plus d\u2019une ann\u00e9e par le biais de la Commission Nationale des Droits de l\u2019Homme (CNDH) pour lutter contre les r\u00e9miniscences de l\u2019esclavage dans le pays. Des caravanes de mobilisation contre ce ph\u00e9nom\u00e8ne de soci\u00e9t\u00e9 avaient \u00e9galement \u00e9t\u00e9 organis\u00e9es, en pr\u00e9sence d\u2019ambassadeurs occidentaux dans le pays.<\/p>\n<p>Mais aucune \u00e9valuation de l\u2019efficacit\u00e9 de cet outil de d\u00e9nonciation par les citoyens et notamment les victimes ou leurs proches n\u2019a jusqu\u2019ici \u00e9t\u00e9 faite.<\/p>\n","protected":false},"excerpt":{"rendered":"<p>Les autorit\u00e9s mauritaniennes ont mis en place une plateforme num\u00e9rique pour \u00ab recevoir et traiter les plaintes relatives aux atteintes \u00e9ventuelles aux droits de l\u2019homme \u00bb dans le pays, a officiellement annonc\u00e9 jeudi \u00e0 Nouakchott le commissariat en charge des droits de l\u2019homme dans le pays. La plateforme d\u00e9nomm\u00e9e \u00abHimayeti\u00a0\u00bb (Ma protection) est encore pr\u00e9sent\u00e9e &hellip;<\/p>\n","protected":false},"author":2,"featured_media":7694,"comment_status":"open","ping_status":"open","sticky":false,"template":"","format":"standard","meta":{"footnotes":""},"categories":[18,15],"tags":[],"class_list":["post-9758","post","type-post","status-publish","format-standard","has-post-thumbnail","hentry","category-actualites","category-culture"],"_links":{"self":[{"href":"https:\/\/ladepeche.mr\/index.php?rest_route=\/wp\/v2\/posts\/9758","targetHints":{"allow":["GET"]}}],"collection":[{"href":"https:\/\/ladepeche.mr\/index.php?rest_route=\/wp\/v2\/posts"}],"about":[{"href":"https:\/\/ladepeche.mr\/index.php?rest_route=\/wp\/v2\/types\/post"}],"author":[{"embeddable":true,"href":"https:\/\/ladepeche.mr\/index.php?rest_route=\/wp\/v2\/users\/2"}],"replies":[{"embeddable":true,"href":"https:\/\/ladepeche.mr\/index.php?rest_route=%2Fwp%2Fv2%2Fcomments&post=9758"}],"version-history":[{"count":2,"href":"https:\/\/ladepeche.mr\/index.php?rest_route=\/wp\/v2\/posts\/9758\/revisions"}],"predecessor-version":[{"id":9765,"href":"https:\/\/ladepeche.mr\/index.php?rest_route=\/wp\/v2\/posts\/9758\/revisions\/9765"}],"wp:featuredmedia":[{"embeddable":true,"href":"https:\/\/ladepeche.mr\/index.php?rest_route=\/wp\/v2\/media\/7694"}],"wp:attachment":[{"href":"https:\/\/ladepeche.mr\/index.php?rest_route=%2Fwp%2Fv2%2Fmedia&parent=9758"}],"wp:term":[{"taxonomy":"category","embeddable":true,"href":"https:\/\/ladepeche.mr\/index.php?rest_route=%2Fwp%2Fv2%2Fcategories&post=9758"},{"taxonomy":"post_tag","embeddable":true,"href":"https:\/\/ladepeche.mr\/index.php?rest_route=%2Fwp%2Fv2%2Ftags&post=9758"}],"curies":[{"name":"wp","href":"https:\/\/api.w.org\/{rel}","templated":true}]}}