{"id":9769,"date":"2024-05-24T11:48:58","date_gmt":"2024-05-24T11:48:58","guid":{"rendered":"https:\/\/ladepeche.mr\/?p=9769"},"modified":"2024-05-24T11:48:58","modified_gmt":"2024-05-24T11:48:58","slug":"le-president-de-la-republique-president-de-lunion-africaine-sentretient-avec-le-president-de-la-transition-du-gabon","status":"publish","type":"post","link":"https:\/\/ladepeche.mr\/?p=9769","title":{"rendered":"Le Pr\u00e9sident de la R\u00e9publique, Pr\u00e9sident de l\u2019Union Africaine s\u2019entretient avec le Pr\u00e9sident de la transition du Gabon"},"content":{"rendered":"<p>Son Excellence le Pr\u00e9sident de la R\u00e9publique, Pr\u00e9sident de l\u2019Union africaine, M. Mohamed Ould Cheikh El-Ghazouani, a eu jeudi soir, au Palais pr\u00e9sidentiel \u00e0 Nouakchott, un entretie en priv\u00e9 avec Son Excellence le Pr\u00e9sident de la Transition de la R\u00e9publique du Gabon, Chef de l\u2019Etat, le G\u00e9n\u00e9ral Brice Ouligui Nguema.<br \/>\nLes entretiens ont port\u00e9 sur les relations de coop\u00e9ration bilat\u00e9rale existantes entre les deux pays fr\u00e8res et sur les moyens de les d\u00e9velopper et de les renforcer dans divers domaines.<br \/>\nLes entretiens se sont ensuite \u00e9largis aux d\u00e9l\u00e9gations des deux pays, la d\u00e9l\u00e9gation gabonaise<br \/>\ncomprenant le secr\u00e9taire g\u00e9n\u00e9ral de la Pr\u00e9sidence de la R\u00e9publique, M. Guy Rossatanga-Rignault et les conseillers de la Pr\u00e9sidence de la R\u00e9publique, M. Fran\u00e7ois Epouta, M. Cyriaque ANDJOUA ONDIMBA, et le Colonel Olagui Giscard Smith.<\/p>\n<p>La d\u00e9l\u00e9gation Mauritanienne comprend M. Mokhtar Diayi, Ministre charg\u00e9 du Cabinet du Pr\u00e9sident de la R\u00e9publique, M. Mohamed Ould Abdallahi Ould Ethman, ministre conseiller \u00e0 la pr\u00e9sidence de la R\u00e9publique, M. Harouna Traor\u00e9, Charg\u00e9 de mission \u00e0 la Pr\u00e9sidence de la R\u00e9publique, et M. Mohamed Ould Soueidatt, Conseiller \u00e0 la Pr\u00e9sidence de la R\u00e9publique.<br \/>\nSon Excellence le Pr\u00e9sident de la R\u00e9publique Mohamed Ould Cheikh El-Ghazouani a \u00e9galement offert un somptueux d\u00eener en l\u2019honneur de son invit\u00e9, le chef de la transition gabonaise, Chef de l\u2019Etat, le G\u00e9n\u00e9ral Brice Ouligui Nguema, et de la d\u00e9l\u00e9gation qui l\u2019accompagne.<\/p>\n<p>Ami<\/p>\n","protected":false},"excerpt":{"rendered":"<p>Son Excellence le Pr\u00e9sident de la R\u00e9publique, Pr\u00e9sident de l\u2019Union africaine, M. Mohamed Ould Cheikh El-Ghazouani, a eu jeudi soir, au Palais pr\u00e9sidentiel \u00e0 Nouakchott, un entretie en priv\u00e9 avec Son Excellence le Pr\u00e9sident de la Transition de la R\u00e9publique du Gabon, Chef de l\u2019Etat, le G\u00e9n\u00e9ral Brice Ouligui Nguema. Les entretiens ont port\u00e9 sur &hellip;<\/p>\n","protected":false},"author":2,"featured_media":9770,"comment_status":"open","ping_status":"open","sticky":false,"template":"","format":"standard","meta":{"footnotes":""},"categories":[18,29],"tags":[],"class_list":["post-9769","post","type-post","status-publish","format-standard","has-post-thumbnail","hentry","category-actualites","category-monde"],"_links":{"self":[{"href":"https:\/\/ladepeche.mr\/index.php?rest_route=\/wp\/v2\/posts\/9769","targetHints":{"allow":["GET"]}}],"collection":[{"href":"https:\/\/ladepeche.mr\/index.php?rest_route=\/wp\/v2\/posts"}],"about":[{"href":"https:\/\/ladepeche.mr\/index.php?rest_route=\/wp\/v2\/types\/post"}],"author":[{"embeddable":true,"href":"https:\/\/ladepeche.mr\/index.php?rest_route=\/wp\/v2\/users\/2"}],"replies":[{"embeddable":true,"href":"https:\/\/ladepeche.mr\/index.php?rest_route=%2Fwp%2Fv2%2Fcomments&post=9769"}],"version-history":[{"count":1,"href":"https:\/\/ladepeche.mr\/index.php?rest_route=\/wp\/v2\/posts\/9769\/revisions"}],"predecessor-version":[{"id":9771,"href":"https:\/\/ladepeche.mr\/index.php?rest_route=\/wp\/v2\/posts\/9769\/revisions\/9771"}],"wp:featuredmedia":[{"embeddable":true,"href":"https:\/\/ladepeche.mr\/index.php?rest_route=\/wp\/v2\/media\/9770"}],"wp:attachment":[{"href":"https:\/\/ladepeche.mr\/index.php?rest_route=%2Fwp%2Fv2%2Fmedia&parent=9769"}],"wp:term":[{"taxonomy":"category","embeddable":true,"href":"https:\/\/ladepeche.mr\/index.php?rest_route=%2Fwp%2Fv2%2Fcategories&post=9769"},{"taxonomy":"post_tag","embeddable":true,"href":"https:\/\/ladepeche.mr\/index.php?rest_route=%2Fwp%2Fv2%2Ftags&post=9769"}],"curies":[{"name":"wp","href":"https:\/\/api.w.org\/{rel}","templated":true}]}}