{"id":9773,"date":"2024-05-24T17:50:57","date_gmt":"2024-05-24T17:50:57","guid":{"rendered":"https:\/\/ladepeche.mr\/?p=9773"},"modified":"2024-05-24T17:50:57","modified_gmt":"2024-05-24T17:50:57","slug":"la-cij-ordonne-a-israel-de-stopper-son-offensive-a-rafah","status":"publish","type":"post","link":"https:\/\/ladepeche.mr\/?p=9773","title":{"rendered":"La CIJ ordonne \u00e0 Isra\u00ebl de stopper son offensive \u00e0 Rafah"},"content":{"rendered":"<h3><strong>La Cour internationale de justice, plus haute juridiction de l\u2019ONU, a somm\u00e9 vendredi Isra\u00ebl d\u2019arr\u00eater \u00abimm\u00e9diatement\u00bb son offensive militaire \u00e0 Rafah.<\/strong><\/h3>\n<p>La plus haute juridiction de l\u2019ONU a ordonn\u00e9 vendredi \u00e0 Isra\u00ebl de stopper son offensive militaire \u00e0 Rafah, une d\u00e9cision susceptible d\u2019ajouter \u00e0 la pression internationale en faveur d\u2019une tr\u00eave apr\u00e8s plus de sept mois de guerre.<\/p>\n<p>Isra\u00ebl doit \u00abarr\u00eater imm\u00e9diatement son offensive militaire, et toute autre action men\u00e9e dans le gouvernorat de Rafah, qui serait susceptible d\u2019infliger au groupe des Palestiniens de Gaza des conditions d\u2019existence capables d\u2019entra\u00eener sa destruction physique ou partielle\u00bb, a d\u00e9clar\u00e9 la Cour internationale de justice (CIJ), qui si\u00e8ge \u00e0 La Haye.<\/p>\n<p>La cour a \u00e9galement d\u00e9clar\u00e9 qu\u2019Isra\u00ebl doit maintenir le passage de Rafah ouvert pour une aide \u00absans restriction\u00bb.<\/p>\n<p>\u00c0 la suite de la d\u00e9cision \u00e0 La Haye, le premier ministre isra\u00e9lien a convoqu\u00e9 plusieurs membres de son gouvernement \u00e0 16\u00a0h\u00a000 (suisses).<\/p>\n<p>https:\/\/www.tdg.ch\/gaza-la-cij-ordonne-a-israel-darreter-son-offensive-a-rafah-415906012782<\/p>\n","protected":false},"excerpt":{"rendered":"<p>La Cour internationale de justice, plus haute juridiction de l\u2019ONU, a somm\u00e9 vendredi Isra\u00ebl d\u2019arr\u00eater \u00abimm\u00e9diatement\u00bb son offensive militaire \u00e0 Rafah. La plus haute juridiction de l\u2019ONU a ordonn\u00e9 vendredi \u00e0 Isra\u00ebl de stopper son offensive militaire \u00e0 Rafah, une d\u00e9cision susceptible d\u2019ajouter \u00e0 la pression internationale en faveur d\u2019une tr\u00eave apr\u00e8s plus de sept &hellip;<\/p>\n","protected":false},"author":2,"featured_media":9774,"comment_status":"open","ping_status":"open","sticky":false,"template":"","format":"standard","meta":{"footnotes":""},"categories":[18,29],"tags":[],"class_list":["post-9773","post","type-post","status-publish","format-standard","has-post-thumbnail","hentry","category-actualites","category-monde"],"_links":{"self":[{"href":"https:\/\/ladepeche.mr\/index.php?rest_route=\/wp\/v2\/posts\/9773","targetHints":{"allow":["GET"]}}],"collection":[{"href":"https:\/\/ladepeche.mr\/index.php?rest_route=\/wp\/v2\/posts"}],"about":[{"href":"https:\/\/ladepeche.mr\/index.php?rest_route=\/wp\/v2\/types\/post"}],"author":[{"embeddable":true,"href":"https:\/\/ladepeche.mr\/index.php?rest_route=\/wp\/v2\/users\/2"}],"replies":[{"embeddable":true,"href":"https:\/\/ladepeche.mr\/index.php?rest_route=%2Fwp%2Fv2%2Fcomments&post=9773"}],"version-history":[{"count":1,"href":"https:\/\/ladepeche.mr\/index.php?rest_route=\/wp\/v2\/posts\/9773\/revisions"}],"predecessor-version":[{"id":9775,"href":"https:\/\/ladepeche.mr\/index.php?rest_route=\/wp\/v2\/posts\/9773\/revisions\/9775"}],"wp:featuredmedia":[{"embeddable":true,"href":"https:\/\/ladepeche.mr\/index.php?rest_route=\/wp\/v2\/media\/9774"}],"wp:attachment":[{"href":"https:\/\/ladepeche.mr\/index.php?rest_route=%2Fwp%2Fv2%2Fmedia&parent=9773"}],"wp:term":[{"taxonomy":"category","embeddable":true,"href":"https:\/\/ladepeche.mr\/index.php?rest_route=%2Fwp%2Fv2%2Fcategories&post=9773"},{"taxonomy":"post_tag","embeddable":true,"href":"https:\/\/ladepeche.mr\/index.php?rest_route=%2Fwp%2Fv2%2Ftags&post=9773"}],"curies":[{"name":"wp","href":"https:\/\/api.w.org\/{rel}","templated":true}]}}