{"id":9787,"date":"2024-05-25T13:52:12","date_gmt":"2024-05-25T13:52:12","guid":{"rendered":"https:\/\/ladepeche.mr\/?p=9787"},"modified":"2024-05-25T13:52:12","modified_gmt":"2024-05-25T13:52:12","slug":"le-ministre-de-leconomie-et-le-gouverneur-de-la-bcm-sentretiennent-avec-la-directrice-du-fmi","status":"publish","type":"post","link":"https:\/\/ladepeche.mr\/?p=9787","title":{"rendered":"Le ministre de l&#8217;\u00c9conomie et le gouverneur de la BCM s&#8217;entretiennent avec la directrice du FMI"},"content":{"rendered":"<div class=\"Vd2cB\">\n<div class=\"VhLpLd\">\n<div class=\"dHn2d\">\n<div class=\"IoGNdb Zc0jMc dlaWib\" dir=\"ltr\">\n<div>Son Excellence le ministre de l&#8217;\u00c9conomie et du D\u00e9veloppement durable, M. Abdessalam Ould Mohamed Saleh, et le gouverneur de la Banque centrale de Mauritanie, M. Mohamed Lemine Ould Dhehby, se sont entretenus, vendredi, avec la directrice g\u00e9n\u00e9rale du Fonds mon\u00e9taire international (FMI), Mme Kristalina Georgieva.<\/div>\n<div style=\"text-align: left;\"><\/div>\n<div style=\"text-align: left;\">Les discussions ont port\u00e9 sur le niveau de mise en \u0153uvre du programme de r\u00e9formes conjoint entre le Fonds mon\u00e9taire international et notre pays, ainsi que \u00a0l&#8217;agenda de la pr\u00e9sidence mauritanienne de l&#8217;Union africaine et les moyens de soutenir cet agenda.<\/div>\n<div style=\"text-align: left;\"><\/div>\n<div style=\"text-align: left;\">Les deux parties ont \u00e9galement examin\u00e9 la possibilit\u00e9 de d\u00e9velopper et d&#8217;\u00e9largir les relations de coop\u00e9ration et de renforcer l&#8217;appui technique et financier fourni par le FMI \u00e0 l&#8217;Union africaine.<\/div>\n<div style=\"text-align: left;\"><\/div>\n<\/div>\n<\/div>\n<\/div>\n<\/div>\n<div style=\"text-align: left;\"><\/div>\n<div class=\"Vd2cB\">\n<div class=\"VhLpLd\">\n<div class=\"dHn2d\" style=\"text-align: left;\"><\/div>\n<\/div>\n<\/div>\n","protected":false},"excerpt":{"rendered":"<p>Son Excellence le ministre de l&#8217;\u00c9conomie et du D\u00e9veloppement durable, M. Abdessalam Ould Mohamed Saleh, et le gouverneur de la Banque centrale de Mauritanie, M. Mohamed Lemine Ould Dhehby, se sont entretenus, vendredi, avec la directrice g\u00e9n\u00e9rale du Fonds mon\u00e9taire international (FMI), Mme Kristalina Georgieva. Les discussions ont port\u00e9 sur le niveau de mise en &hellip;<\/p>\n","protected":false},"author":2,"featured_media":3257,"comment_status":"open","ping_status":"open","sticky":false,"template":"","format":"standard","meta":{"footnotes":""},"categories":[18,2],"tags":[],"class_list":["post-9787","post","type-post","status-publish","format-standard","has-post-thumbnail","hentry","category-actualites","category-economie"],"_links":{"self":[{"href":"https:\/\/ladepeche.mr\/index.php?rest_route=\/wp\/v2\/posts\/9787","targetHints":{"allow":["GET"]}}],"collection":[{"href":"https:\/\/ladepeche.mr\/index.php?rest_route=\/wp\/v2\/posts"}],"about":[{"href":"https:\/\/ladepeche.mr\/index.php?rest_route=\/wp\/v2\/types\/post"}],"author":[{"embeddable":true,"href":"https:\/\/ladepeche.mr\/index.php?rest_route=\/wp\/v2\/users\/2"}],"replies":[{"embeddable":true,"href":"https:\/\/ladepeche.mr\/index.php?rest_route=%2Fwp%2Fv2%2Fcomments&post=9787"}],"version-history":[{"count":2,"href":"https:\/\/ladepeche.mr\/index.php?rest_route=\/wp\/v2\/posts\/9787\/revisions"}],"predecessor-version":[{"id":9789,"href":"https:\/\/ladepeche.mr\/index.php?rest_route=\/wp\/v2\/posts\/9787\/revisions\/9789"}],"wp:featuredmedia":[{"embeddable":true,"href":"https:\/\/ladepeche.mr\/index.php?rest_route=\/wp\/v2\/media\/3257"}],"wp:attachment":[{"href":"https:\/\/ladepeche.mr\/index.php?rest_route=%2Fwp%2Fv2%2Fmedia&parent=9787"}],"wp:term":[{"taxonomy":"category","embeddable":true,"href":"https:\/\/ladepeche.mr\/index.php?rest_route=%2Fwp%2Fv2%2Fcategories&post=9787"},{"taxonomy":"post_tag","embeddable":true,"href":"https:\/\/ladepeche.mr\/index.php?rest_route=%2Fwp%2Fv2%2Ftags&post=9787"}],"curies":[{"name":"wp","href":"https:\/\/api.w.org\/{rel}","templated":true}]}}