{"id":9791,"date":"2024-05-25T17:06:47","date_gmt":"2024-05-25T17:06:47","guid":{"rendered":"https:\/\/ladepeche.mr\/?p=9791"},"modified":"2024-05-25T17:06:47","modified_gmt":"2024-05-25T17:06:47","slug":"presidentielle-2024-les-representants-des-candidats-a-la-presidentielle-devant-la-ceni","status":"publish","type":"post","link":"https:\/\/ladepeche.mr\/?p=9791","title":{"rendered":"Pr\u00e9sidentielle 2024: Les repr\u00e9sentants des candidats \u00e0 la pr\u00e9sidentielle devant la CENI"},"content":{"rendered":"<p>Afin de lever les suspicions et rassurer les candidats en lice, la CENI a convi\u00e9 les repr\u00e9sentants des 7 candidats retenus par le conseil constitutionnel pour briguer le suffrage des \u00e9lecteurs pour la pr\u00e9sidentielle du 29 juin 2024, afin de susciter un climat de s\u00e9r\u00e9nit\u00e9 quant \u00e0 la transparence du scrutin.<br \/>\nCette rencontre pr\u00e9sent\u00e9e comme une r\u00e9union de coordination entre la CENI, charg\u00e9e de l\u2019organisation des \u00e9lections, et les pr\u00e9tendants au fauteuil pr\u00e9sidentiel, se veut aussi un cadre d\u2019information et une concertation sur le d\u00e9roulement du processus l\u00e9galement en vigueur pour l\u2019\u00e9lection du futur pr\u00e9sident de la R\u00e9publique.<br \/>\nD\u00e9j\u00e0 s\u00e9v\u00e8rement critiqu\u00e9e pour sa gestion, qualifi\u00e9e de chaotique des \u00e9lections g\u00e9n\u00e9rales en 2023, la CENI tentera, sans doute, de se racheter en restant \u00e0 \u00e9quidistance des diff\u00e9rents candidats et ainsi assurer une \u00e9lection \u00e9quitable, libre et transparente. C\u2019est d\u2019ailleurs, avec le taux de participation \u00e0 cette future consultation, l\u2019autre enjeu politique de taille.<br \/>\nLa CENI comme institution permanente a \u00e9t\u00e9 cr\u00e9\u00e9e par une loi en avril 2012. Elle a pour mission de \u00ab pr\u00e9parer, organiser, superviser l\u2019ensemble de l\u2019op\u00e9ration \u00e9lectorale, de la phase de validation du fichier \u00e9lectoral jusqu\u2019a la proclamation provisoire des r\u00e9sultats et leur transmission au Conseil constitutionnel \u00bb.<\/p>\n<p>Notons enfin que pour favoriser le climat de transparence des \u00e9lections dans le pays, les autorit\u00e9s viennent d\u2019installer l\u2019observatoire des \u00e9lections, pr\u00e9sid\u00e9 par Mme Diy\u00e9 Ba.<br \/>\nLa mise en place de l\u2019observatoire a \u00e9t\u00e9 critiqu\u00e9e par le parti Tawassoul qui y voit une mainmise des responsables du parti \u00ab Insaf \u00bb. Pour sa part, la pr\u00e9sidente de l\u2019Observatoire des \u00e9lections assure, \u00e0 l\u2019issue d\u2019une audience avec le premier Ministre, que son organisation s\u2019acquittera convenablement.<\/p>\n","protected":false},"excerpt":{"rendered":"<p>Afin de lever les suspicions et rassurer les candidats en lice, la CENI a convi\u00e9 les repr\u00e9sentants des 7 candidats retenus par le conseil constitutionnel pour briguer le suffrage des \u00e9lecteurs pour la pr\u00e9sidentielle du 29 juin 2024, afin de susciter un climat de s\u00e9r\u00e9nit\u00e9 quant \u00e0 la transparence du scrutin. Cette rencontre pr\u00e9sent\u00e9e comme &hellip;<\/p>\n","protected":false},"author":2,"featured_media":9792,"comment_status":"open","ping_status":"open","sticky":false,"template":"","format":"standard","meta":{"footnotes":""},"categories":[18,31],"tags":[],"class_list":["post-9791","post","type-post","status-publish","format-standard","has-post-thumbnail","hentry","category-actualites","category-politique-et-reportages"],"_links":{"self":[{"href":"https:\/\/ladepeche.mr\/index.php?rest_route=\/wp\/v2\/posts\/9791","targetHints":{"allow":["GET"]}}],"collection":[{"href":"https:\/\/ladepeche.mr\/index.php?rest_route=\/wp\/v2\/posts"}],"about":[{"href":"https:\/\/ladepeche.mr\/index.php?rest_route=\/wp\/v2\/types\/post"}],"author":[{"embeddable":true,"href":"https:\/\/ladepeche.mr\/index.php?rest_route=\/wp\/v2\/users\/2"}],"replies":[{"embeddable":true,"href":"https:\/\/ladepeche.mr\/index.php?rest_route=%2Fwp%2Fv2%2Fcomments&post=9791"}],"version-history":[{"count":1,"href":"https:\/\/ladepeche.mr\/index.php?rest_route=\/wp\/v2\/posts\/9791\/revisions"}],"predecessor-version":[{"id":9793,"href":"https:\/\/ladepeche.mr\/index.php?rest_route=\/wp\/v2\/posts\/9791\/revisions\/9793"}],"wp:featuredmedia":[{"embeddable":true,"href":"https:\/\/ladepeche.mr\/index.php?rest_route=\/wp\/v2\/media\/9792"}],"wp:attachment":[{"href":"https:\/\/ladepeche.mr\/index.php?rest_route=%2Fwp%2Fv2%2Fmedia&parent=9791"}],"wp:term":[{"taxonomy":"category","embeddable":true,"href":"https:\/\/ladepeche.mr\/index.php?rest_route=%2Fwp%2Fv2%2Fcategories&post=9791"},{"taxonomy":"post_tag","embeddable":true,"href":"https:\/\/ladepeche.mr\/index.php?rest_route=%2Fwp%2Fv2%2Ftags&post=9791"}],"curies":[{"name":"wp","href":"https:\/\/api.w.org\/{rel}","templated":true}]}}